{"id":9168,"date":"2022-09-20T21:00:37","date_gmt":"2022-09-21T02:00:37","guid":{"rendered":"https:\/\/podernacional.com\/?p=9168"},"modified":"2022-09-21T02:00:39","modified_gmt":"2022-09-21T02:00:39","slug":"festival-mundo-cosplay-kpop-en-tecnopolis","status":"publish","type":"post","link":"https:\/\/podernacional.com\/?p=9168","title":{"rendered":"Festival Mundo Cosplay &#038; KPOP en Tecn\u00f3polis"},"content":{"rendered":"<h4>Talleres, desfiles y encuentros con cosplayers: Valentina Kryp, Emina Cosplay, Ana Bertola, Eriol Cosplay y Bionda Cosplay \u00a1y m\u00e1s!<\/h4>\n<p>Festival Mundo Cosplay &amp; KPOP : El Ministerio de Cultura de la Naci\u00f3n presenta este s\u00e1bado 24 y domingo 25 de septiembre un Festival de Cosplay y KPOP en el Auditorio Cultura de Tecn\u00f3poli.<\/p>\n<p>Esto\u00a0con una programaci\u00f3n de talleres, desfiles, muestras, charlas y encuentros con reconocidxs cosplayers de la escena local:<\/p>\n<p>Valentina Kryp, Emina Cosplay, Ana Bertola, Eriol Cosplay \u00a0y Bionda Cosplay \u00a1y m\u00e1s!<\/p>\n<p>Durante estos dos d\u00edas, fan\u00e1ticxs y curiosxs podr\u00e1n disfrutar de un encuentro en el que lxs cosplayers son los protagonistxs.<\/p>\n<p>Tanto en la vestimenta como en la actuaci\u00f3n, el Cosplay, que naci\u00f3 en los barrios de Jap\u00f3n.<\/p>\n<p>Esto,\u00a0busca lograr representaciones fieles de personajes de videojuegos, c\u00f3mics, pel\u00edculas.<\/p>\n<p>Ademas,\u00a0fundamentalmente, anim\u00e9, como forma de expresar fanatismo y admiraci\u00f3n.<\/p>\n<p>En el encuentro tambi\u00e9n tendr\u00e1 un lugar destacado el KPOP, un subg\u00e9nero del pop de origen coreano.<\/p>\n<p>Esto, influenciado tambi\u00e9n por el jazz, el hip-hop, el reggae y la electr\u00f3nica, entre otros.<\/p>\n<p>Surgi\u00f3 a principios de los a\u00f1os 90 y desde ese momento ha tenido un crecimiento exponencial.<\/p>\n<p>Ademas\u00a0creando un movimiento cultural seguido por millones de fans alrededor del mundo.<\/p>\n<p>Por ende, lo\u00a0convirtieron en el estilo de m\u00fasica m\u00e1s escuchado en YouTube en los \u00faltimos a\u00f1os.<\/p>\n<p>La entrada es libre y gratuita, sin reserva previa.<\/p>\n<p>Habr\u00e1 espacios para cambiarse en el Auditorio Cultura.<\/p>\n<h4>\u00a1Mir\u00e1 toda la programaci\u00f3n!<\/h4>\n<p>S\u00e1bado 24 de septiembre<\/p>\n<p>Desde las 12 h: Encuentro y firmas con Cosplayers: Valentina Kryp, Emina Cosplay, Ana Bertola, Eriol Cosplay y Bionda Cosplay.<\/p>\n<p>15 h: Taller de pelucas con Erios Cosplay<\/p>\n<p>16 h: Taller de maquillajes y FX con Clau Gravina<\/p>\n<p>17 h: Desfile y concurso cosplay, con premios digitales<\/p>\n<p>Domingo 25 de septiembre<\/p>\n<p>Desde las 12 h: Encuentro y firma de flyers con Cosplayers: Valentina Kryp, Emina Cosplay, Ana Bertola, Eriol Cosplay y Bionda Cosplay.<\/p>\n<p>15 h: C\u00f3mo prepararse para ser invitado internacional en una convenci\u00f3n cosplay, por Fernando Brischetto<\/p>\n<p>17 h: JK FAMILY<\/p>\n<p>18 h: THE LEADERS<\/p>\n<p>Festival Mundo Cosplay &amp; KPOP<\/p>\n","protected":false},"excerpt":{"rendered":"<p>Talleres, desfiles y encuentros con cosplayers: Valentina Kryp, Emina Cosplay, Ana Bertola, Eriol Cosplay y Bionda Cosplay \u00a1y m\u00e1s! Festival Mundo Cosplay &amp; KPOP : El Ministerio de Cultura de la Naci\u00f3n presenta este s\u00e1bado 24 y domingo 25 de septiembre un Festival de Cosplay y KPOP en el Auditorio Cultura de Tecn\u00f3poli. Esto\u00a0con una [&hellip;]<\/p>\n","protected":false},"author":1,"featured_media":9170,"comment_status":"open","ping_status":"closed","sticky":false,"template":"","format":"standard","meta":{"footnotes":""},"categories":[2,4,5],"tags":[],"class_list":["post-9168","post","type-post","status-publish","format-standard","has-post-thumbnail","hentry","category-cultural","category-espectaculos","category-internacional"],"_links":{"self":[{"href":"https:\/\/podernacional.com\/index.php?rest_route=\/wp\/v2\/posts\/9168","targetHints":{"allow":["GET"]}}],"collection":[{"href":"https:\/\/podernacional.com\/index.php?rest_route=\/wp\/v2\/posts"}],"about":[{"href":"https:\/\/podernacional.com\/index.php?rest_route=\/wp\/v2\/types\/post"}],"author":[{"embeddable":true,"href":"https:\/\/podernacional.com\/index.php?rest_route=\/wp\/v2\/users\/1"}],"replies":[{"embeddable":true,"href":"https:\/\/podernacional.com\/index.php?rest_route=%2Fwp%2Fv2%2Fcomments&post=9168"}],"version-history":[{"count":1,"href":"https:\/\/podernacional.com\/index.php?rest_route=\/wp\/v2\/posts\/9168\/revisions"}],"predecessor-version":[{"id":9169,"href":"https:\/\/podernacional.com\/index.php?rest_route=\/wp\/v2\/posts\/9168\/revisions\/9169"}],"wp:featuredmedia":[{"embeddable":true,"href":"https:\/\/podernacional.com\/index.php?rest_route=\/wp\/v2\/media\/9170"}],"wp:attachment":[{"href":"https:\/\/podernacional.com\/index.php?rest_route=%2Fwp%2Fv2%2Fmedia&parent=9168"}],"wp:term":[{"taxonomy":"category","embeddable":true,"href":"https:\/\/podernacional.com\/index.php?rest_route=%2Fwp%2Fv2%2Fcategories&post=9168"},{"taxonomy":"post_tag","embeddable":true,"href":"https:\/\/podernacional.com\/index.php?rest_route=%2Fwp%2Fv2%2Ftags&post=9168"}],"curies":[{"name":"wp","href":"https:\/\/api.w.org\/{rel}","templated":true}]}}