{"id":9171,"date":"2022-09-20T21:04:54","date_gmt":"2022-09-21T02:04:54","guid":{"rendered":"https:\/\/podernacional.com\/?p=9171"},"modified":"2022-09-21T02:04:56","modified_gmt":"2022-09-21T02:04:56","slug":"jhoany-otra-promesa-del-futbol-campogibraltareno-con-solo-13-anos-estoy-preparado-para-vivir-solo","status":"publish","type":"post","link":"https:\/\/podernacional.com\/?p=9171","title":{"rendered":"Jhoany, otra promesa del f\u00fatbol campogibraltare\u00f1o con s\u00f3lo 13 a\u00f1os: \u00abEstoy preparado para vivir solo\u00bb"},"content":{"rendered":"<h4>Aunque todav\u00eda le queda un a\u00f1o por delante para emprender su camino hacia Villarreal.<\/h4>\n<p>Jhoany: Ademas del algecire\u00f1o ha dejado claro que su intenci\u00f3n es disfrutar del f\u00fatbol y vivir de ello<\/p>\n<p>Una imagen de Jhoany Heredia junto a su equipo, el AD Taraguilla<\/p>\n<p>M\u00e1s: El algecire\u00f1o Jhoany Heredia deja el AD Taraguilla para vestir la camiseta del Villarreal CF<\/p>\n<p>V\u00eddeo: Jhoany, nuevo jugador del Villarreal.<\/p>\n<p>Aunque todav\u00eda le queda un duro a\u00f1o por delante, con entrenamientos y partidos que jugar\u00e1 con su equipo actual.<\/p>\n<p>As\u00ed como de AD Taraguilla, Jhoany Heredia est\u00e1 preparado para emprender su nuevo viaje tras fichar con el equipo de \u00e9lite nacional Villarreal C.F.<\/p>\n<p>Una nueva promesa del f\u00fatbol que nace en el Campo de Gibraltar.<\/p>\n<p>Con s\u00f3lo doce a\u00f1os que deja sorprendidos a todos aquellos que lo ven en acci\u00f3n.<\/p>\n<h4>El joven algecire\u00f1o, da un paso muy importante en el mundo del f\u00fatbol uni\u00e9ndose a una de las mejores canteras de Espa\u00f1a.<\/h4>\n<p>Y \u00e9l, seg\u00fan ha declarado en una entrevista con nuestro compa\u00f1ero Paco Campa\u00f1a, lo tiene claro.<\/p>\n<p>Ademas que\u00a0est\u00e1 preparado para irse y vivir solo en la residencia de la Ciudad Deportiva del club villarrealense.<\/p>\n<p>\u201cTengo 12 a\u00f1os ahora mismo y me ir\u00e9 con 13\u201d.<\/p>\n<p>\u201cEstoy seguro que de me ir\u00e1 bien, todav\u00eda no he visto la residencia en persona pero s\u00ed por v\u00eddeo\u201d.<\/p>\n<p>\u201cAs\u00ed que no he tenido el placer de conocerla de cerca\u201d.<\/p>\n<p>Jhoany, que ha dejado sorprendidos tanto al presidente del club, Javi Chac\u00f3n, como a su entrenador, Jos\u00e9 Carlos Mayorga.<\/p>\n<p>Ademas que\u00a0ha confirmado que su intenci\u00f3n no es otra que disfrutar la aventura que se le presenta gracias a este deporte:<\/p>\n<p>\u00abYo quiero vivir del f\u00fatbol\u00bb.<\/p>\n<h4>Las promesas del Taraguilla<\/h4>\n<p>El algecire\u00f1o juega actualmente en el primer equipo del Taraguilla de mediocentro como posici\u00f3n y le caracteriza su calidad y t\u00e9cnica.<\/p>\n<p>Seg\u00fan detalla su entrenador, \u00abpor suerte este a\u00f1o todav\u00eda continuar\u00e1 con nosotros\u00bb.<\/p>\n<p>Por su parte, el presidente del equipo ha querido destacar que noticias como \u00e9stas suponen un orgullo inmenso al club, para que sea m\u00e1s conocido.<\/p>\n<p>\u00abYa van bastantes jugadores que han salido del equipo y se han ido a equipos de primera. Estamos muy orgullosos.<\/p>\n","protected":false},"excerpt":{"rendered":"<p>Aunque todav\u00eda le queda un a\u00f1o por delante para emprender su camino hacia Villarreal. Jhoany: Ademas del algecire\u00f1o ha dejado claro que su intenci\u00f3n es disfrutar del f\u00fatbol y vivir de ello Una imagen de Jhoany Heredia junto a su equipo, el AD Taraguilla M\u00e1s: El algecire\u00f1o Jhoany Heredia deja el AD Taraguilla para vestir [&hellip;]<\/p>\n","protected":false},"author":1,"featured_media":9173,"comment_status":"open","ping_status":"closed","sticky":false,"template":"","format":"standard","meta":{"footnotes":""},"categories":[3,5],"tags":[],"class_list":["post-9171","post","type-post","status-publish","format-standard","has-post-thumbnail","hentry","category-deportes","category-internacional"],"_links":{"self":[{"href":"https:\/\/podernacional.com\/index.php?rest_route=\/wp\/v2\/posts\/9171","targetHints":{"allow":["GET"]}}],"collection":[{"href":"https:\/\/podernacional.com\/index.php?rest_route=\/wp\/v2\/posts"}],"about":[{"href":"https:\/\/podernacional.com\/index.php?rest_route=\/wp\/v2\/types\/post"}],"author":[{"embeddable":true,"href":"https:\/\/podernacional.com\/index.php?rest_route=\/wp\/v2\/users\/1"}],"replies":[{"embeddable":true,"href":"https:\/\/podernacional.com\/index.php?rest_route=%2Fwp%2Fv2%2Fcomments&post=9171"}],"version-history":[{"count":1,"href":"https:\/\/podernacional.com\/index.php?rest_route=\/wp\/v2\/posts\/9171\/revisions"}],"predecessor-version":[{"id":9172,"href":"https:\/\/podernacional.com\/index.php?rest_route=\/wp\/v2\/posts\/9171\/revisions\/9172"}],"wp:featuredmedia":[{"embeddable":true,"href":"https:\/\/podernacional.com\/index.php?rest_route=\/wp\/v2\/media\/9173"}],"wp:attachment":[{"href":"https:\/\/podernacional.com\/index.php?rest_route=%2Fwp%2Fv2%2Fmedia&parent=9171"}],"wp:term":[{"taxonomy":"category","embeddable":true,"href":"https:\/\/podernacional.com\/index.php?rest_route=%2Fwp%2Fv2%2Fcategories&post=9171"},{"taxonomy":"post_tag","embeddable":true,"href":"https:\/\/podernacional.com\/index.php?rest_route=%2Fwp%2Fv2%2Ftags&post=9171"}],"curies":[{"name":"wp","href":"https:\/\/api.w.org\/{rel}","templated":true}]}}