{"id":9174,"date":"2022-09-20T21:23:56","date_gmt":"2022-09-21T02:23:56","guid":{"rendered":"https:\/\/podernacional.com\/?p=9174"},"modified":"2022-09-21T02:23:58","modified_gmt":"2022-09-21T02:23:58","slug":"el-teatro-municipal-rosita-avila-ofrece-una-variada-cartelera-de-espectaculos-esta-semana","status":"publish","type":"post","link":"https:\/\/podernacional.com\/?p=9174","title":{"rendered":"El Teatro Municipal \u201cRosita \u00c1vila\u201d ofrece una variada cartelera de espect\u00e1culos esta semana"},"content":{"rendered":"<h4>Se solicitar\u00e1 el uso obligatorio del barbijo.<\/h4>\n<p>El Teatro Municipal \u201cRosita \u00c1vila\u201d : La Municipalidad de San Miguel de Tucum\u00e1n invita a los vecinos a disfrutar de la cartelera de espect\u00e1culos programada.<\/p>\n<p>La cual esta semana en el Teatro Municipal \u201cRosita \u00c1vila\u201d, ubicado en Las Piedras 1.550, en el predio del ex Mercado de Abasto.<\/p>\n<p>Los espect\u00e1culos que se presentar\u00e1n y sus horarios son los siguientes:<\/p>\n<p>* Jueves 22: a las 20, subir\u00e1 a escena, en su \u00faltima funci\u00f3n, la obra \u201cEstafadas por la historia\u201d.<\/p>\n<p>Ademas\u00a0que relata las vivencias de seis mujeres embarcadas en el desaf\u00edo de restituir la importancia del rol femenino en el relato hist\u00f3rico.<\/p>\n<p>As\u00ed como\u00a0el proceso de Independencia de la Argentina.<\/p>\n<p>Las int\u00e9rpretes son Mariana Romano, Paula \u00a0Marcoux, Constanza Peralta y Paula Olazo, con la direcci\u00f3n de Bel\u00e9n Mercado.<\/p>\n<p>El valor de las entradas es de $ 1200.<\/p>\n<p>* Viernes 23: a las 22, se presentar\u00e1 el grupo folcl\u00f3rico, \u201cLos de Tucum\u00e1n\u00bb.<\/p>\n<p>Con esto,\u00a0presentando su repertorio. Tendr\u00e1n como artista invitado a Agust\u00edn Brito. El valor de la entrada es de $ 1000.<\/p>\n<p>* S\u00e1bado 24: a las 22, se reeditar\u00e1 el espect\u00e1culo de danza contempor\u00e1nea \u201cCiudades invisibles, universos propios\u201d.<\/p>\n<p>La cual es coproducida por la Municipalidad de San Miguel de Tucum\u00e1n y el Teatro Nacional Cervantes.<\/p>\n<h4>La obra es dirigida por los tucumanos Pamela Navarro Ar\u00e9valo, Luj\u00e1n Arroyo y Daniel Corres.<\/h4>\n<p>\u201cCiudades invisibles, universos paralelos\u201d, tiene como pilar a la magia de la danza, con el apoyo de im\u00e1genes proyectadas en el escenario.<\/p>\n<p>As\u00ed como\u00a0en los cuerpos de los artistas, a trav\u00e9s de la t\u00e9cnica de mapping, y un DJ en vivo. La entrada es libre y gratuita.<\/p>\n<p>* Domingo 25: a las 22, subir\u00e1 a escena el espect\u00e1culo \u201cSe termin\u00f3 la tristeza\u201d, a cargo del humorista Adolfo Nicolaus.<\/p>\n<p>Estar\u00e1n invitados los capoc\u00f3micos Turr\u00f3n Ju\u00e1rez, Capuch\u00f3n Gonz\u00e1lez y Cachito Komaid.<\/p>\n<p>Tambi\u00e9n se presentar\u00e1n los artistas Mat\u00edas de la Rosa y H\u00e9ctor Saleme.<\/p>\n<p>Las entradas tienen un valor de $ 1500 y se pueden conseguir a trav\u00e9s de la p\u00e1gina www.almamusic.net.ar\/folclore\/adolfo-nicolaus-llega-al-teatro\/.<\/p>\n<p>La boleter\u00eda del Teatro Municipal atender\u00e1 desde el mi\u00e9rcoles al domingo, de 18 a 22. Se solicitar\u00e1 el uso obligatorio del barbijo.<\/p>\n<p>Para m\u00e1s informaci\u00f3n, comunicarse al tel\u00e9fono: 4200338.<\/p>\n","protected":false},"excerpt":{"rendered":"<p>Se solicitar\u00e1 el uso obligatorio del barbijo. El Teatro Municipal \u201cRosita \u00c1vila\u201d : La Municipalidad de San Miguel de Tucum\u00e1n invita a los vecinos a disfrutar de la cartelera de espect\u00e1culos programada. La cual esta semana en el Teatro Municipal \u201cRosita \u00c1vila\u201d, ubicado en Las Piedras 1.550, en el predio del ex Mercado de Abasto. [&hellip;]<\/p>\n","protected":false},"author":1,"featured_media":9176,"comment_status":"open","ping_status":"closed","sticky":false,"template":"","format":"standard","meta":{"footnotes":""},"categories":[4,5],"tags":[],"class_list":["post-9174","post","type-post","status-publish","format-standard","has-post-thumbnail","hentry","category-espectaculos","category-internacional"],"_links":{"self":[{"href":"https:\/\/podernacional.com\/index.php?rest_route=\/wp\/v2\/posts\/9174","targetHints":{"allow":["GET"]}}],"collection":[{"href":"https:\/\/podernacional.com\/index.php?rest_route=\/wp\/v2\/posts"}],"about":[{"href":"https:\/\/podernacional.com\/index.php?rest_route=\/wp\/v2\/types\/post"}],"author":[{"embeddable":true,"href":"https:\/\/podernacional.com\/index.php?rest_route=\/wp\/v2\/users\/1"}],"replies":[{"embeddable":true,"href":"https:\/\/podernacional.com\/index.php?rest_route=%2Fwp%2Fv2%2Fcomments&post=9174"}],"version-history":[{"count":1,"href":"https:\/\/podernacional.com\/index.php?rest_route=\/wp\/v2\/posts\/9174\/revisions"}],"predecessor-version":[{"id":9175,"href":"https:\/\/podernacional.com\/index.php?rest_route=\/wp\/v2\/posts\/9174\/revisions\/9175"}],"wp:featuredmedia":[{"embeddable":true,"href":"https:\/\/podernacional.com\/index.php?rest_route=\/wp\/v2\/media\/9176"}],"wp:attachment":[{"href":"https:\/\/podernacional.com\/index.php?rest_route=%2Fwp%2Fv2%2Fmedia&parent=9174"}],"wp:term":[{"taxonomy":"category","embeddable":true,"href":"https:\/\/podernacional.com\/index.php?rest_route=%2Fwp%2Fv2%2Fcategories&post=9174"},{"taxonomy":"post_tag","embeddable":true,"href":"https:\/\/podernacional.com\/index.php?rest_route=%2Fwp%2Fv2%2Ftags&post=9174"}],"curies":[{"name":"wp","href":"https:\/\/api.w.org\/{rel}","templated":true}]}}