{"id":9180,"date":"2022-09-20T21:36:02","date_gmt":"2022-09-21T02:36:02","guid":{"rendered":"https:\/\/podernacional.com\/?p=9180"},"modified":"2022-09-21T02:36:04","modified_gmt":"2022-09-21T02:36:04","slug":"razones-para-conmemorar-el-dia-internacional-de-la-paz","status":"publish","type":"post","link":"https:\/\/podernacional.com\/?p=9180","title":{"rendered":"Razones para conmemorar el D\u00eda Internacional de la Paz"},"content":{"rendered":"<h4>Todo lo que debes saber sobre este d\u00eda tan importante para las naciones.<\/h4>\n<p>D\u00eda Internacional de la Paz; La paz es indispensable para que un pa\u00eds tenga equilibrio, estabilidad, tranquilidad y seguridad.<\/p>\n<p>La paz ayuda a las naciones a salir adelante y para promoverla se cre\u00f3 el D\u00eda Internacional de la Paz.<\/p>\n<p>Mantener la paz implica tener la pr\u00e1ctica de valores como la justicia, la tolerancia y el di\u00e1logo.<\/p>\n<p>Seg\u00fan Nelson Mandela, \u201cla paz no es simplemente la ausencia de conflicto\u201d.<\/p>\n<p>la paz es la creaci\u00f3n de un entorno en el que todos podamos prosperar\u201d.<\/p>\n<p>Colombia ha sido uno de los pa\u00edses con un enorme historial de conflictos, un pa\u00eds que a trav\u00e9s de acuerdos.<\/p>\n<p>As\u00ed como de di\u00e1logos ha tratado de buscar la paz y eliminar el conflicto, en el que ha estado inmerso por m\u00e1s de 60 a\u00f1os.<\/p>\n<h4>S\u00edmbolo de la paz<\/h4>\n<p>Una paloma blanca, con una rama de olivo en el pico es reconocido como el s\u00edmbolo de la paz, tras las guerras del siglo XX.<\/p>\n<p>El otro gran \u00edcono se asocia con el pacifismo y fue dise\u00f1ado por Gerald Holtom en 1958.<\/p>\n<p>Esto, como parte de la Campa\u00f1a de Desarme Nuclear que se llev\u00f3 a cabo en Reino Unido en el contexto de la Guerra Fr\u00eda.<\/p>\n<p>Aunque existen varias teor\u00edas de la procedencia del dise\u00f1o.<\/p>\n<p>Ademas de\u00a0la m\u00e1s extendida es que representa la pata de una paloma.<\/p>\n<p>As\u00ed como de las tres l\u00edneas abiertas apuntando hacia abajo y una vertical hacia arriba,\u00a0dentro de un c\u00edrculo que ser\u00eda la Tierra.<\/p>\n<p>D\u00eda Internacional de la Paz: \u00bfPor qu\u00e9 se celebra?<\/p>\n<p>La Asamblea General de las Naciones Unidas (ONU) promulg\u00f3 el 21 de septiembre como el D\u00eda Internacional de la Paz, desde el a\u00f1o 1981.<\/p>\n<p>Esto\u00a0con el objetivo de conmemorar los ideales de paz de cada pueblo y cada naci\u00f3n.<\/p>\n<h4>Ademas, con especial \u00e9nfasis en el desarrollo social y econ\u00f3mico en temas espec\u00edficos como:<\/h4>\n<p>Pobreza<\/p>\n<p>Hambre<\/p>\n<p>Salud<\/p>\n<p>Educaci\u00f3n<\/p>\n<p>Cambio clim\u00e1tico<\/p>\n<p>Igualdad de g\u00e9nero<\/p>\n<p>Agua<\/p>\n<p>Electricidad<\/p>\n<p>Medioambiente y justicia social.<\/p>\n<h4>En el marco de la celebraci\u00f3n de este d\u00eda, en los \u00faltimos a\u00f1os se han realizado diferentes campa\u00f1as con la ONU.<\/h4>\n<p>Con esto,\u00a0cuyo tema principal siempre es la paz.<\/p>\n<p>Para el a\u00f1o 2022 el lema es:<\/p>\n<p>\u00abPon fin al racismo. Construye la paz\u00bb, con el fin de buscar un mundo libre de discriminaci\u00f3n racial, en el que la empat\u00eda y compasi\u00f3n est\u00e9n por encima.<\/p>\n<p>Razones para celebrar este d\u00eda<\/p>\n<p>Busca la paz en todas las naciones<\/p>\n<p>Invita a los seres humanos a dejar del odio y la violencia<\/p>\n<p>Ayuda a superar la pobreza y la desigualdad<\/p>\n","protected":false},"excerpt":{"rendered":"<p>Todo lo que debes saber sobre este d\u00eda tan importante para las naciones. D\u00eda Internacional de la Paz; La paz es indispensable para que un pa\u00eds tenga equilibrio, estabilidad, tranquilidad y seguridad. La paz ayuda a las naciones a salir adelante y para promoverla se cre\u00f3 el D\u00eda Internacional de la Paz. Mantener la paz [&hellip;]<\/p>\n","protected":false},"author":1,"featured_media":9182,"comment_status":"open","ping_status":"closed","sticky":false,"template":"","format":"standard","meta":{"footnotes":""},"categories":[2,5],"tags":[],"class_list":["post-9180","post","type-post","status-publish","format-standard","has-post-thumbnail","hentry","category-cultural","category-internacional"],"_links":{"self":[{"href":"https:\/\/podernacional.com\/index.php?rest_route=\/wp\/v2\/posts\/9180","targetHints":{"allow":["GET"]}}],"collection":[{"href":"https:\/\/podernacional.com\/index.php?rest_route=\/wp\/v2\/posts"}],"about":[{"href":"https:\/\/podernacional.com\/index.php?rest_route=\/wp\/v2\/types\/post"}],"author":[{"embeddable":true,"href":"https:\/\/podernacional.com\/index.php?rest_route=\/wp\/v2\/users\/1"}],"replies":[{"embeddable":true,"href":"https:\/\/podernacional.com\/index.php?rest_route=%2Fwp%2Fv2%2Fcomments&post=9180"}],"version-history":[{"count":1,"href":"https:\/\/podernacional.com\/index.php?rest_route=\/wp\/v2\/posts\/9180\/revisions"}],"predecessor-version":[{"id":9181,"href":"https:\/\/podernacional.com\/index.php?rest_route=\/wp\/v2\/posts\/9180\/revisions\/9181"}],"wp:featuredmedia":[{"embeddable":true,"href":"https:\/\/podernacional.com\/index.php?rest_route=\/wp\/v2\/media\/9182"}],"wp:attachment":[{"href":"https:\/\/podernacional.com\/index.php?rest_route=%2Fwp%2Fv2%2Fmedia&parent=9180"}],"wp:term":[{"taxonomy":"category","embeddable":true,"href":"https:\/\/podernacional.com\/index.php?rest_route=%2Fwp%2Fv2%2Fcategories&post=9180"},{"taxonomy":"post_tag","embeddable":true,"href":"https:\/\/podernacional.com\/index.php?rest_route=%2Fwp%2Fv2%2Ftags&post=9180"}],"curies":[{"name":"wp","href":"https:\/\/api.w.org\/{rel}","templated":true}]}}