{"id":9189,"date":"2022-09-20T21:47:55","date_gmt":"2022-09-21T02:47:55","guid":{"rendered":"https:\/\/podernacional.com\/?p=9189"},"modified":"2022-09-21T02:47:57","modified_gmt":"2022-09-21T02:47:57","slug":"buscan-impulsar-el-centro-de-cancun","status":"publish","type":"post","link":"https:\/\/podernacional.com\/?p=9189","title":{"rendered":"Buscan impulsar el centro de Canc\u00fan"},"content":{"rendered":"<h4>No basta con solo ofrecer sol y playa, a los visitantes del Caribe mexicano.<\/h4>\n<p>Centro de Canc\u00fan: Proyecto \u201cDistrito Canc\u00fan\u201d impulsar\u00e1 el turismo en la ciudad<\/p>\n<p>Aunque el turismo es m\u00e1s frecuente, en el centro de Canc\u00fan falta oferta de actividades y productos tur\u00edsticos que atraigan a m\u00e1s visitantes.<\/p>\n<p>Ademas de\u00a0algo que se trabaja desde Distrito Canc\u00fan.<\/p>\n<p>Jorge Luis T\u00e9llez, director de Turismo de Canc\u00fan, explic\u00f3 que como sucede en otros destinos es necesario tener una oferta de actividades.<\/p>\n<p>Es por ello que se requiere trabajar con la iniciativa privada para ampliar actividades que ayuden a incrementar las visitas.<\/p>\n<p>Ademas con ello beneficiar al sector.<\/p>\n<p>El centro de Canc\u00fan es una joya pendiente y estamos trabajando para impulsarlo, y si bien los turistas ya pagaron su estancias.<\/p>\n<p>As\u00ed como del salir del inmueble les permite conocer m\u00e1s y para ello se debe primero garantizar seguridad y tener actividades para ellos.<\/p>\n<p>\u201cLo que se debe lograr es que al visitar Canc\u00fan, el centro sea una parada obligada\u201d.<\/p>\n<h4>\u201cAs\u00ed disfrutar la zona y aunque se ha mejorado es necesario explotar el potencial, pero tambi\u00e9n beneficiar\u201d.<\/h4>\n<p>\u201cPor ello el proyecto Distrito Canc\u00fan\u201d, explic\u00f3 el funcionario municipal.<\/p>\n<p>Dijo que otros puntos tur\u00edsticos logran captar a los visitantes repetitivos al realizar los diferentes eventos.<\/p>\n<p>Ademas que lo que lleva tambi\u00e9n a una atracci\u00f3n de inversi\u00f3n y m\u00e1s derrama, pero esto solo se logra innovando.<\/p>\n<p>Para ello tambi\u00e9n se tiene una participaci\u00f3n importante del sector restaurantero.<\/p>\n<p>Lugar donde ya ofrecen alg\u00fan atractivo adicional como shows, y esto hace que los visitantes salgan.<\/p>\n<p>\u201cLa ocupaci\u00f3n y la generaci\u00f3n de derrama, ahora tambi\u00e9n van de la mano con la manera de reinventarse para hacer sentir al turista bien-regrese\u201d.<\/p>\n<p>\u201cPero tambi\u00e9n ayuda a que recomiende al destino, ya que adem\u00e1s cada vez es m\u00e1s exigente\u201d, dijo el director de Turismo.<\/p>\n<p>Los turistas que visitan Canc\u00fan tienen estancias de hasta cinco d\u00edas en promedio.<\/p>\n<p>Por lo que asegur\u00f3 que es necesario tener actividades diarias para ello y no solo ofrecer sol y playa.<\/p>\n","protected":false},"excerpt":{"rendered":"<p>No basta con solo ofrecer sol y playa, a los visitantes del Caribe mexicano. Centro de Canc\u00fan: Proyecto \u201cDistrito Canc\u00fan\u201d impulsar\u00e1 el turismo en la ciudad Aunque el turismo es m\u00e1s frecuente, en el centro de Canc\u00fan falta oferta de actividades y productos tur\u00edsticos que atraigan a m\u00e1s visitantes. Ademas de\u00a0algo que se trabaja desde [&hellip;]<\/p>\n","protected":false},"author":1,"featured_media":9191,"comment_status":"open","ping_status":"closed","sticky":false,"template":"","format":"standard","meta":{"footnotes":""},"categories":[6,10],"tags":[],"class_list":["post-9189","post","type-post","status-publish","format-standard","has-post-thumbnail","hentry","category-local","category-quintana-roo"],"_links":{"self":[{"href":"https:\/\/podernacional.com\/index.php?rest_route=\/wp\/v2\/posts\/9189","targetHints":{"allow":["GET"]}}],"collection":[{"href":"https:\/\/podernacional.com\/index.php?rest_route=\/wp\/v2\/posts"}],"about":[{"href":"https:\/\/podernacional.com\/index.php?rest_route=\/wp\/v2\/types\/post"}],"author":[{"embeddable":true,"href":"https:\/\/podernacional.com\/index.php?rest_route=\/wp\/v2\/users\/1"}],"replies":[{"embeddable":true,"href":"https:\/\/podernacional.com\/index.php?rest_route=%2Fwp%2Fv2%2Fcomments&post=9189"}],"version-history":[{"count":1,"href":"https:\/\/podernacional.com\/index.php?rest_route=\/wp\/v2\/posts\/9189\/revisions"}],"predecessor-version":[{"id":9190,"href":"https:\/\/podernacional.com\/index.php?rest_route=\/wp\/v2\/posts\/9189\/revisions\/9190"}],"wp:featuredmedia":[{"embeddable":true,"href":"https:\/\/podernacional.com\/index.php?rest_route=\/wp\/v2\/media\/9191"}],"wp:attachment":[{"href":"https:\/\/podernacional.com\/index.php?rest_route=%2Fwp%2Fv2%2Fmedia&parent=9189"}],"wp:term":[{"taxonomy":"category","embeddable":true,"href":"https:\/\/podernacional.com\/index.php?rest_route=%2Fwp%2Fv2%2Fcategories&post=9189"},{"taxonomy":"post_tag","embeddable":true,"href":"https:\/\/podernacional.com\/index.php?rest_route=%2Fwp%2Fv2%2Ftags&post=9189"}],"curies":[{"name":"wp","href":"https:\/\/api.w.org\/{rel}","templated":true}]}}