{"id":9207,"date":"2022-09-21T19:23:42","date_gmt":"2022-09-22T00:23:42","guid":{"rendered":"https:\/\/podernacional.com\/?p=9207"},"modified":"2022-09-22T00:23:45","modified_gmt":"2022-09-22T00:23:45","slug":"desalojan-hotel-de-cancun-por-juicio-laboral-promovido-hace-20-anos-2","status":"publish","type":"post","link":"https:\/\/podernacional.com\/?p=9207","title":{"rendered":"Desalojan hotel de Canc\u00fan por juicio laboral promovido hace 20 a\u00f1os"},"content":{"rendered":"<h4>Tomas Au\u00f1\u00f3n, del Club Las Velas Canc\u00fan, reclama diversas irregularidades durante la diligencia<\/h4>\n<p>Desalojan hotel de Canc\u00fan: Con base en una instrucci\u00f3n de la Junta Especial de Conciliaci\u00f3n y Arbitraje (JECA) n\u00famero 1, en el municipio de Benito Ju\u00e1rez.<\/p>\n<p>Dicho\u00a0hotel Club Las Velas Canc\u00fan fue desalojado hoy, derivado de un juicio laboral promovido por 16 trabajadores desde hace 20 a\u00f1os.<\/p>\n<p>Esto, en contra de Organizadora Tur\u00edstica Internacional (OTISA).<\/p>\n<p>Un actuario, un notario y abogados de los empleados demandantes, acompa\u00f1ados de elementos de la Secretar\u00eda de Seguridad P\u00fablica de Quintana Roo.<\/p>\n<p>Por ende,\u00a0acudieron a la diligencia, que ech\u00f3 mano de camiones de mudanza para la probable transportaci\u00f3n de muebles.<\/p>\n<p>As\u00ed como de objetos de Lucinda Solano y Tomas Au\u00f1\u00f3n, quien se asume como representante de OTISA y es una de las personas demandadas.<\/p>\n<p>El desalojo inici\u00f3 a las 9:30 horas, en el hotel Club las Velas, inmueble de cuatro niveles.<\/p>\n<h4>Esto con 2.6 hect\u00e1reas de terreno colindantes con el Sistema Lagunar Nichupt\u00e9.<\/h4>\n<p>Ademas de una valuaci\u00f3n que va de los 99 a los 900 millones de pesos, de acuerdo con las partes en conflicto.<\/p>\n<p>La propiedad entera se localiza en el kil\u00f3metro 3.3 y 3.5, en la segunda etapa de la zona tur\u00edstica.<\/p>\n<p>La cual ya\u00a0lleva a\u00f1os sin operar y su zona federal fue objeto de otra incursi\u00f3n legal.<\/p>\n<p>Por ende, motiv\u00f3 el aseguramiento de una parte del inmueble en octubre de 2021, por parte de autoridades.<\/p>\n<p>El cual es\u00a0tema que se litiga en contra de la Secretar\u00eda de Medio Ambiente y Recursos Naturales (Semarnat).<\/p>\n<p>As\u00ed como\u00a0de la Procuradur\u00eda Federal de Protecci\u00f3n al Ambiente (Profepa).<\/p>\n<p>Juliana, hija de Au\u00f1\u00f3n, dijo que cuando la polic\u00eda se present\u00f3, amag\u00f3 con ingresar a la fuerza.<\/p>\n<p>Por lo que tuvo que abrir la puerta vistiendo a\u00fan con ropa interior (Desalojan hotel de Canc\u00fan).<\/p>\n<p>La mujer les pidi\u00f3 a los agentes no entrar a la habitaci\u00f3n para permitirle cambiarse, pero fue ignorada.<\/p>\n","protected":false},"excerpt":{"rendered":"<p>Tomas Au\u00f1\u00f3n, del Club Las Velas Canc\u00fan, reclama diversas irregularidades durante la diligencia Desalojan hotel de Canc\u00fan: Con base en una instrucci\u00f3n de la Junta Especial de Conciliaci\u00f3n y Arbitraje (JECA) n\u00famero 1, en el municipio de Benito Ju\u00e1rez. Dicho\u00a0hotel Club Las Velas Canc\u00fan fue desalojado hoy, derivado de un juicio laboral promovido por 16 [&hellip;]<\/p>\n","protected":false},"author":1,"featured_media":9209,"comment_status":"open","ping_status":"closed","sticky":false,"template":"","format":"standard","meta":{"footnotes":""},"categories":[6,9,10],"tags":[],"class_list":["post-9207","post","type-post","status-publish","format-standard","has-post-thumbnail","hentry","category-local","category-politica","category-quintana-roo"],"_links":{"self":[{"href":"https:\/\/podernacional.com\/index.php?rest_route=\/wp\/v2\/posts\/9207","targetHints":{"allow":["GET"]}}],"collection":[{"href":"https:\/\/podernacional.com\/index.php?rest_route=\/wp\/v2\/posts"}],"about":[{"href":"https:\/\/podernacional.com\/index.php?rest_route=\/wp\/v2\/types\/post"}],"author":[{"embeddable":true,"href":"https:\/\/podernacional.com\/index.php?rest_route=\/wp\/v2\/users\/1"}],"replies":[{"embeddable":true,"href":"https:\/\/podernacional.com\/index.php?rest_route=%2Fwp%2Fv2%2Fcomments&post=9207"}],"version-history":[{"count":1,"href":"https:\/\/podernacional.com\/index.php?rest_route=\/wp\/v2\/posts\/9207\/revisions"}],"predecessor-version":[{"id":9208,"href":"https:\/\/podernacional.com\/index.php?rest_route=\/wp\/v2\/posts\/9207\/revisions\/9208"}],"wp:featuredmedia":[{"embeddable":true,"href":"https:\/\/podernacional.com\/index.php?rest_route=\/wp\/v2\/media\/9209"}],"wp:attachment":[{"href":"https:\/\/podernacional.com\/index.php?rest_route=%2Fwp%2Fv2%2Fmedia&parent=9207"}],"wp:term":[{"taxonomy":"category","embeddable":true,"href":"https:\/\/podernacional.com\/index.php?rest_route=%2Fwp%2Fv2%2Fcategories&post=9207"},{"taxonomy":"post_tag","embeddable":true,"href":"https:\/\/podernacional.com\/index.php?rest_route=%2Fwp%2Fv2%2Ftags&post=9207"}],"curies":[{"name":"wp","href":"https:\/\/api.w.org\/{rel}","templated":true}]}}