{"id":9213,"date":"2022-09-21T19:53:27","date_gmt":"2022-09-22T00:53:27","guid":{"rendered":"https:\/\/podernacional.com\/?p=9213"},"modified":"2022-09-22T00:53:29","modified_gmt":"2022-09-22T00:53:29","slug":"guardia-nacional-encontro-un-monstruo-abandonado-en-el-estado-de-zacatecas","status":"publish","type":"post","link":"https:\/\/podernacional.com\/?p=9213","title":{"rendered":"Guardia Nacional encontr\u00f3 un \u201cmonstruo\u201d abandonado en el estado de Zacatecas"},"content":{"rendered":"<h4>El veh\u00edculo modificado fue encontrado tras patrullajes de la dependencia en un tramo carretero<\/h4>\n<p>Monstruo asegurado en Zacatecas por la Guardia Nacional<\/p>\n<p>Elementos de la Guardia Nacional dieron a conocer del aseguramiento de un veh\u00edculo modificado con blindaje artesanal.<\/p>\n<p>El cual es mejor conocido como monstruo, en el estado de Zacatecas.<\/p>\n<p>Lo anterior despu\u00e9s de que los agentes realizaran patrullajes de prevenci\u00f3n y seguridad en la carretera Tabasco-Villanueva.<\/p>\n<p>Dicho poblado de la Ci\u00e9nega, municipio de Jerez, en cumplimiento de la Estrategia Nacional de Seguridad P\u00fablica.<\/p>\n<p>As\u00ed como de la Pol\u00edtica de Cero Impunidad del gobierno federal.<\/p>\n<p>De acuerdo con los primeros informes, al circular por el tramo de la carretera.<\/p>\n<h4>Ademas que, los oficiales se percataron de la presencia de un veh\u00edculo de carrocer\u00eda modificada oculta entre la maleza.<\/h4>\n<p>Al acercarse a inspeccionar para ampliar informaci\u00f3n y en apego a los protocolos de seguridad, procedieron a inspeccionar la unidad.<\/p>\n<p>Esto,\u00a0con lo que pudieron verificar que se trataba de los conocidos monstruos, utilizados y elaborados por los grupos del crimen organizado.<\/p>\n<p>Los elementos buscaron indicios de las personas que fueran responsables del veh\u00edculo<\/p>\n<p>Por lo que los elementos aseguraron la zona e implementaron un operativo de seguridad perimetral con el objetivo de encontrar a los probables responsable.<\/p>\n<p>De la posesi\u00f3n del veh\u00edculo, sin embargo, no dieron con resultados positivos.<\/p>\n<p>Asimismo, el veh\u00edculo qued\u00f3 en manos de la Fiscal\u00eda General de la Rep\u00fablica (FGR).<\/p>\n<p>Con esto en\u00a0la entidad para que contin\u00fae con las investigaciones para dar con los presuntos responsables.<\/p>\n<h4>Este tipo de veh\u00edculos son construidos para que los sicarios integren armas de alto poder.<\/h4>\n<p>Ademas de cuyo uso est\u00e1 dispuesto a balaceras entre los mismos o contra las fuerzas de seguridad.<\/p>\n<p>A pesar de esto, el veh\u00edculo no contaba con la insignia de alg\u00fan grupo criminal, como generalmente lo hacen.<\/p>\n<p>Los veh\u00edculos modificados, comenzaron a tener presencia en los grupos criminales a partir del 2010, cuando el C\u00e1rtel del Golfo.<\/p>\n<p>As\u00ed como cuando\u00a0Los Zetas empezaron a implementarlos dentro de sus estrategias para disputarse territorios.<\/p>\n<p>El veh\u00edculo se encontraba oculto entre la maleza<\/p>\n<p>Fueron apodados as\u00ed despu\u00e9s de que en Camargo se encontrara un cami\u00f3n de basura blindado en el mismo a\u00f1o.<\/p>\n<p>Desde entonces son utilizados de forma constante, especialmente por el C\u00e1rtel Jalisco Nueva Generaci\u00f3n (CJNG)<\/p>\n<p>Tambi\u00e9n son utilizados para el trasciego de drogas en los las grandes planicies semides\u00e9rticas del noreste de M\u00e9xico.<\/p>\n<h4>Son creados de forma artesanal y se modifican la suspensi\u00f3n y palanca de velocidades.<\/h4>\n<p>Adem\u00e1s a\u00f1aden estructuras parecidas a las unidades militares para proteger al tirador apostado en la parte superior, o bien para transportar m\u00e1s sicarios.<\/p>\n<p>Cabe se\u00f1alar que a pesar del blindaje, los veh\u00edculos no cuentan con uno comparable al de las Fuerzas Armadas seg\u00fan han indicado las autoridades.<\/p>\n<p>Aunque esto no quiere decir que cada vez se hagan m\u00e1s sofisticados.<\/p>\n<p>A finales del mes de agosto de este a\u00f1o, se difundi\u00f3 en redes sociales un video en el que un presunto integrante del CJNG.<\/p>\n<p>El cual grab\u00f3 el interior de uno de estos veh\u00edculos.<\/p>\n<p>Un veh\u00edculo con blindaje artesanal (\u201cMonstruo\u201d) del brazo armado del Mencho fue exhibido por sicarios del grupo cr<\/p>\n","protected":false},"excerpt":{"rendered":"<p>El veh\u00edculo modificado fue encontrado tras patrullajes de la dependencia en un tramo carretero Monstruo asegurado en Zacatecas por la Guardia Nacional Elementos de la Guardia Nacional dieron a conocer del aseguramiento de un veh\u00edculo modificado con blindaje artesanal. El cual es mejor conocido como monstruo, en el estado de Zacatecas. Lo anterior despu\u00e9s de [&hellip;]<\/p>\n","protected":false},"author":1,"featured_media":9215,"comment_status":"open","ping_status":"closed","sticky":false,"template":"","format":"standard","meta":{"footnotes":""},"categories":[7,8],"tags":[],"class_list":["post-9213","post","type-post","status-publish","format-standard","has-post-thumbnail","hentry","category-nacional","category-policia"],"_links":{"self":[{"href":"https:\/\/podernacional.com\/index.php?rest_route=\/wp\/v2\/posts\/9213","targetHints":{"allow":["GET"]}}],"collection":[{"href":"https:\/\/podernacional.com\/index.php?rest_route=\/wp\/v2\/posts"}],"about":[{"href":"https:\/\/podernacional.com\/index.php?rest_route=\/wp\/v2\/types\/post"}],"author":[{"embeddable":true,"href":"https:\/\/podernacional.com\/index.php?rest_route=\/wp\/v2\/users\/1"}],"replies":[{"embeddable":true,"href":"https:\/\/podernacional.com\/index.php?rest_route=%2Fwp%2Fv2%2Fcomments&post=9213"}],"version-history":[{"count":1,"href":"https:\/\/podernacional.com\/index.php?rest_route=\/wp\/v2\/posts\/9213\/revisions"}],"predecessor-version":[{"id":9214,"href":"https:\/\/podernacional.com\/index.php?rest_route=\/wp\/v2\/posts\/9213\/revisions\/9214"}],"wp:featuredmedia":[{"embeddable":true,"href":"https:\/\/podernacional.com\/index.php?rest_route=\/wp\/v2\/media\/9215"}],"wp:attachment":[{"href":"https:\/\/podernacional.com\/index.php?rest_route=%2Fwp%2Fv2%2Fmedia&parent=9213"}],"wp:term":[{"taxonomy":"category","embeddable":true,"href":"https:\/\/podernacional.com\/index.php?rest_route=%2Fwp%2Fv2%2Fcategories&post=9213"},{"taxonomy":"post_tag","embeddable":true,"href":"https:\/\/podernacional.com\/index.php?rest_route=%2Fwp%2Fv2%2Ftags&post=9213"}],"curies":[{"name":"wp","href":"https:\/\/api.w.org\/{rel}","templated":true}]}}