{"id":9216,"date":"2022-09-21T20:05:24","date_gmt":"2022-09-22T01:05:24","guid":{"rendered":"https:\/\/podernacional.com\/?p=9216"},"modified":"2022-09-22T01:05:25","modified_gmt":"2022-09-22T01:05:25","slug":"zacatecas-finaliza-preparativos-para-el-lxxxviii-congreso-nacional-charro","status":"publish","type":"post","link":"https:\/\/podernacional.com\/?p=9216","title":{"rendered":"Zacatecas finaliza preparativos para el LXXXVIII Congreso Nacional Charro"},"content":{"rendered":"<h4>Del 7 al 30 de octubre, Zacatecas ser\u00e1 sede del Congreso Nacional Charro, cuya edici\u00f3n, se espera, sea de las m\u00e1s grandes de la historia.<\/h4>\n<p>Congreso Nacional Charro: Con el objetivo de impulsar el deporte nacional al tiempo que se reactiva el turismo y la actividad econ\u00f3mica en Zacatecas.<\/p>\n<p>As\u00ed como de\u00a0los preparativos ya est\u00e1n listos para el LXXXVIII Congreso Nacional Charro.<\/p>\n<p>Este evento de talla internacional se realizar\u00e1 del 7 al 30 de octubre, con sede en el Lienzo Charro Antonio Aguilar.<\/p>\n<p>El estado recibir\u00e1 a 946 asociaciones charras, 228 equipos de todo el pa\u00eds y de 14 estados de la Uni\u00f3n Americana.<\/p>\n<p>Se trata de 16 charro completo y 164 escaramuzas que se disputar\u00e1n la presea de este encuentro.<\/p>\n<p>El vicepresidente de la Federaci\u00f3n Mexicana Charra, Andr\u00e9s Eduardo Aceves Hern\u00e1ndez, visit\u00f3 la entidad para dar cuenta de los preparativos.<\/p>\n<p>El evento tambi\u00e9n busca reconocer el esfuerzo, la tenacidad y el cari\u00f1o de la familia charra que promueve la tradici\u00f3n.<\/p>\n<p>Ademas\u00a0que brinda identidad a M\u00e9xico ante el mundo.<\/p>\n<p>En este sentido, como parte del Congreso, se indic\u00f3 que, para la inauguraci\u00f3n (programada para el 6 de octubre).<\/p>\n<p>Con esto, se realizar\u00e1 un desfile charro, en el que habr\u00e1 una cabalgata, carros aleg\u00f3ricos y m\u00fasicos.<\/p>\n<h4>\u00bfQu\u00e9 hace especial a esta edici\u00f3n del Congreso Nacional Charro?<\/h4>\n<p>Para dar vida y mejores comodidades a los visitantes y participantes, se llev\u00f3 a cabo una remodelaci\u00f3n del Lienzo Charro.<\/p>\n<p>Ahora est\u00e1 acondicionado con 200 espacios m\u00e1s, adem\u00e1s de que se mejor\u00f3 la explanada y se encuentra en construcci\u00f3n un \u00e1rea de comida.<\/p>\n<p>De esta manera, se asegura que los charros podr\u00e1n tener las condiciones para una estad\u00eda buena, segura y digna.<\/p>\n<p>A partir de una gesti\u00f3n realizada por el gobierno de Zacatecas, la empresa Volaris brindar\u00e1 un descuento del 10% en vuelos nacionales e internacionales.<\/p>\n<p>Esto\u00a0para viajar a la entidad durante las fechas en las que dure el campeonato.<\/p>\n<p>Con el objetivo de facilitar la movilidad de los participantes y asistentes.<\/p>\n<p>El vicepresidente de la Federaci\u00f3n Mexicana Charra, indic\u00f3 que en Zacatecas se tiene al mejor p\u00fablico de toda la rep\u00fablica.<\/p>\n<p>Asimismo, se denot\u00f3 la gran presencia de la entidad en este deporte.<\/p>\n<p>Ademas que\u00a0al indicar que el 75% de los equipos charros de la Uni\u00f3n Americana son zacatecanos.<\/p>\n<p>A esto se suma que la edici\u00f3n ser\u00e1 una de las m\u00e1s grandes en la historia del congreso.<\/p>\n<p>Esta ser\u00e1 la octava ocasi\u00f3n en la que este evento se efect\u00faa en Zacatecas. Los boletos para asistir se encuentran disponibles ne la plataforma: www.masboletos.com<\/p>\n","protected":false},"excerpt":{"rendered":"<p>Del 7 al 30 de octubre, Zacatecas ser\u00e1 sede del Congreso Nacional Charro, cuya edici\u00f3n, se espera, sea de las m\u00e1s grandes de la historia. Congreso Nacional Charro: Con el objetivo de impulsar el deporte nacional al tiempo que se reactiva el turismo y la actividad econ\u00f3mica en Zacatecas. As\u00ed como de\u00a0los preparativos ya est\u00e1n [&hellip;]<\/p>\n","protected":false},"author":1,"featured_media":9218,"comment_status":"open","ping_status":"closed","sticky":false,"template":"","format":"standard","meta":{"footnotes":""},"categories":[7,9],"tags":[],"class_list":["post-9216","post","type-post","status-publish","format-standard","has-post-thumbnail","hentry","category-nacional","category-politica"],"_links":{"self":[{"href":"https:\/\/podernacional.com\/index.php?rest_route=\/wp\/v2\/posts\/9216","targetHints":{"allow":["GET"]}}],"collection":[{"href":"https:\/\/podernacional.com\/index.php?rest_route=\/wp\/v2\/posts"}],"about":[{"href":"https:\/\/podernacional.com\/index.php?rest_route=\/wp\/v2\/types\/post"}],"author":[{"embeddable":true,"href":"https:\/\/podernacional.com\/index.php?rest_route=\/wp\/v2\/users\/1"}],"replies":[{"embeddable":true,"href":"https:\/\/podernacional.com\/index.php?rest_route=%2Fwp%2Fv2%2Fcomments&post=9216"}],"version-history":[{"count":1,"href":"https:\/\/podernacional.com\/index.php?rest_route=\/wp\/v2\/posts\/9216\/revisions"}],"predecessor-version":[{"id":9217,"href":"https:\/\/podernacional.com\/index.php?rest_route=\/wp\/v2\/posts\/9216\/revisions\/9217"}],"wp:featuredmedia":[{"embeddable":true,"href":"https:\/\/podernacional.com\/index.php?rest_route=\/wp\/v2\/media\/9218"}],"wp:attachment":[{"href":"https:\/\/podernacional.com\/index.php?rest_route=%2Fwp%2Fv2%2Fmedia&parent=9216"}],"wp:term":[{"taxonomy":"category","embeddable":true,"href":"https:\/\/podernacional.com\/index.php?rest_route=%2Fwp%2Fv2%2Fcategories&post=9216"},{"taxonomy":"post_tag","embeddable":true,"href":"https:\/\/podernacional.com\/index.php?rest_route=%2Fwp%2Fv2%2Ftags&post=9216"}],"curies":[{"name":"wp","href":"https:\/\/api.w.org\/{rel}","templated":true}]}}