{"id":9219,"date":"2022-09-21T20:11:12","date_gmt":"2022-09-22T01:11:12","guid":{"rendered":"https:\/\/podernacional.com\/?p=9219"},"modified":"2022-09-22T01:11:15","modified_gmt":"2022-09-22T01:11:15","slug":"fge-pedira-recursos-a-la-nueva-legislatura-de-quintana-roo","status":"publish","type":"post","link":"https:\/\/podernacional.com\/?p=9219","title":{"rendered":"FGE pedir\u00e1 recursos a la nueva legislatura de Quintana Roo"},"content":{"rendered":"<h4>El fiscal Montes de Oca asegur\u00f3 que recibi\u00f3 la dependencia en ruinas y busca dejarla en optimas condiciones.<\/h4>\n<p>FGE pedir\u00e1 recursos a la nueva legislatura de Quintana Roo<\/p>\n<p>Incrementar el personal en la Polic\u00eda de Investigaci\u00f3n y reducir el rezago en las carpetas de investigaci\u00f3n.<\/p>\n<p>Ademas que\u00a0son los principales pendientes en la D\u00e9cima Agencia del Ministerio P\u00fablico del Fuero Com\u00fan.<\/p>\n<p>El cual\u00a0coment\u00f3 el titular de la Fiscal\u00eda General del Estado (FGE), \u00d3scar Montes de Oca Rosales.<\/p>\n<p>Explic\u00f3 que aunque se solicit\u00f3 al Congreso del Estado aumentar el presupuesto para la dependencia, no se autoriz\u00f3.<\/p>\n<p>Por lo que se le pedir\u00e1 de nuevo a la nueva legislatura, aunque no dio a conocer las cifras.<\/p>\n<p>Respecto a los logros de la FGE, subray\u00f3 que cuando lleg\u00f3 en diciembre de 2018 encontr\u00f3 una instituci\u00f3n completamente destruida.<\/p>\n<h4>As\u00ed como\u00a0desorganizada y sin capacitaci\u00f3n, pero que hoy est\u00e1n en mejores condiciones.<\/h4>\n<p>Coment\u00f3 que se va a colaborar con el gobierno municipal de la isla para capacitar al personal como peritos.<\/p>\n<p>Ademas para que puedan intervenir en los procesos penales de la FGE, situaci\u00f3n que est\u00e1 considerada en la ley.<\/p>\n<p>Sobre la posibilidad de designar un presupuesto para el mantenimiento de las instalaciones de la d\u00e9cima agencia del Ministerio P\u00fablico del Fuero Com\u00fan.<\/p>\n<p>Pues en su interior y exterior se notan el paso del tiempo y el escaso mantenimiento.<\/p>\n<p>Ademas que dijo que por el momento no hay presupuesto, pues el estado atraviesa por una situaci\u00f3n financiera no favorable y hay otras prioridades.<\/p>\n<p>Sobre un posible incremento en el n\u00famero de integrantes de la Polic\u00eda de Investigaci\u00f3n para los pr\u00f3ximos meses.<\/p>\n<p>Ademas que hoy es de ocho personas, dijo que es facultad del congreso estatal.<\/p>\n<h4>Montes de Oca hasta el 2027<\/h4>\n<p>En cuanto a la continuidad en su puesto, cuyo per\u00edodo concluye en 2027.<\/p>\n<p>Por ende, dijo que las causas para dejar su cargo est\u00e1n establecidas en la Constituci\u00f3n de Quintana Roo.<\/p>\n<p>Aclar\u00f3 que se ha reunido con representantes del pr\u00f3ximo gobierno estatal y que mantiene una excelente relaci\u00f3n.<\/p>\n<p>Admiti\u00f3 que aunque se hicieron importantes esfuerzos, a\u00fan faltan muchas cosas por hacer.<\/p>\n<p>Pero destac\u00f3 que recibi\u00f3 la dependencia en ruinas, con ausencia de protocolos, modelos de actuaci\u00f3n, de procedimientos, norma interna.<\/p>\n<p>As\u00ed como de retrasada en tecnolog\u00eda y hasta personal que se negaba a trabajar o que iban en contra de la pol\u00edtica interna.<\/p>\n","protected":false},"excerpt":{"rendered":"<p>El fiscal Montes de Oca asegur\u00f3 que recibi\u00f3 la dependencia en ruinas y busca dejarla en optimas condiciones. FGE pedir\u00e1 recursos a la nueva legislatura de Quintana Roo Incrementar el personal en la Polic\u00eda de Investigaci\u00f3n y reducir el rezago en las carpetas de investigaci\u00f3n. Ademas que\u00a0son los principales pendientes en la D\u00e9cima Agencia del [&hellip;]<\/p>\n","protected":false},"author":1,"featured_media":9221,"comment_status":"open","ping_status":"closed","sticky":false,"template":"","format":"standard","meta":{"footnotes":""},"categories":[6,10],"tags":[],"class_list":["post-9219","post","type-post","status-publish","format-standard","has-post-thumbnail","hentry","category-local","category-quintana-roo"],"_links":{"self":[{"href":"https:\/\/podernacional.com\/index.php?rest_route=\/wp\/v2\/posts\/9219","targetHints":{"allow":["GET"]}}],"collection":[{"href":"https:\/\/podernacional.com\/index.php?rest_route=\/wp\/v2\/posts"}],"about":[{"href":"https:\/\/podernacional.com\/index.php?rest_route=\/wp\/v2\/types\/post"}],"author":[{"embeddable":true,"href":"https:\/\/podernacional.com\/index.php?rest_route=\/wp\/v2\/users\/1"}],"replies":[{"embeddable":true,"href":"https:\/\/podernacional.com\/index.php?rest_route=%2Fwp%2Fv2%2Fcomments&post=9219"}],"version-history":[{"count":1,"href":"https:\/\/podernacional.com\/index.php?rest_route=\/wp\/v2\/posts\/9219\/revisions"}],"predecessor-version":[{"id":9220,"href":"https:\/\/podernacional.com\/index.php?rest_route=\/wp\/v2\/posts\/9219\/revisions\/9220"}],"wp:featuredmedia":[{"embeddable":true,"href":"https:\/\/podernacional.com\/index.php?rest_route=\/wp\/v2\/media\/9221"}],"wp:attachment":[{"href":"https:\/\/podernacional.com\/index.php?rest_route=%2Fwp%2Fv2%2Fmedia&parent=9219"}],"wp:term":[{"taxonomy":"category","embeddable":true,"href":"https:\/\/podernacional.com\/index.php?rest_route=%2Fwp%2Fv2%2Fcategories&post=9219"},{"taxonomy":"post_tag","embeddable":true,"href":"https:\/\/podernacional.com\/index.php?rest_route=%2Fwp%2Fv2%2Ftags&post=9219"}],"curies":[{"name":"wp","href":"https:\/\/api.w.org\/{rel}","templated":true}]}}