{"id":9237,"date":"2022-09-22T19:34:59","date_gmt":"2022-09-23T00:34:59","guid":{"rendered":"https:\/\/podernacional.com\/?p=9237"},"modified":"2022-09-23T00:35:00","modified_gmt":"2022-09-23T00:35:00","slug":"aprueba-cabildo-nuevos-nombramientos-en-benito-juarez","status":"publish","type":"post","link":"https:\/\/podernacional.com\/?p=9237","title":{"rendered":"Aprueba cabildo nuevos nombramientos en Benito Ju\u00e1rez"},"content":{"rendered":"<h4>Durante la D\u00e9cima Octava Sesi\u00f3n Extraordinaria de Cabildo.<\/h4>\n<p>Nuevos nombramientos: Con esto el Ayuntamiento de Benito Ju\u00e1rez aprob\u00f3 por unanimidad de este cuerpo colegiado la designaci\u00f3n de los directores generales.<\/p>\n<p>Del dicho sistema DIF Benito Ju\u00e1rez y el Instituto del Deporte.<\/p>\n<p>Por ende, con lo que se reafirma el compromiso del gobierno municipal para atender a los diversos sectores de la comunidad.<\/p>\n<p>Al encabezar la Sesi\u00f3n de Cabildo, realizada en el recinto oficial \u201c20 de abril\u201d. (Nuevos nombramientos).<\/p>\n<p>Ademas de\u00a0la encargada de despacho de la Presidencia Municipal, Lourdes Latife Cardona Muza.<\/p>\n<h4>La cual tom\u00f3 protesta de ley a Doris Marisol Sendo Rodr\u00edguez.<\/h4>\n<p>Esto\u00a0como titular del DIF Benito Ju\u00e1rez y a Alejandro Luna L\u00f3pez al frente del Instituto del Deporte.<\/p>\n<p>Con aprobaci\u00f3n por unanimidad de los regidores se respald\u00f3 la designaci\u00f3n de los funcionarios en sus nuevas encomiendas.<\/p>\n<p>Ademas\u00a0con el compromiso de impulsar acciones en beneficio de las ni\u00f1as, ni\u00f1os, mujeres, adultos mayores y deportistas en la ciudad.<\/p>\n<p>Asimismo, los nuevos directores municipales tienen la responsabilidad de ejercer sus funciones a favor de la ciudadan\u00eda.<\/p>\n<p>Al igual que\u00a0dentro de las acciones correspondientes para continuar con las mejoras de la ciudad.<\/p>\n<p>CAJA DE DATOS<\/p>\n<p>CURRICULUM VITAE<\/p>\n<p>Al igual que de: Doris Marisol Sendo Rodr\u00edguez, Directora General del Sistema DIF Benito Ju\u00e1rez:<\/p>\n<p>La cual es pasante de la licenciatura en Administraci\u00f3n de Empresas, en la Facultad de Administraci\u00f3n del Instituto Tecnol\u00f3gico de Canc\u00fan.<\/p>\n<h4>Experiencia laboral:<\/h4>\n<p>-Encargada de despacho de la Direcci\u00f3n General del DIF municipal<\/p>\n<p>-Directora de Desarrollo Social Comunitario<\/p>\n<p>-Coordinadora de Programas de Asistencia Comunitaria<\/p>\n<p>-Auditor interno<\/p>\n<p>-Coordinadora de M\u00f3dulos sistema DIF (CDC)<\/p>\n<p>Alejandro Luna L\u00f3pez, Director del Instituto del Deporte:<\/p>\n<p>Maestr\u00eda en Marketing y Medios Digitales<\/p>\n<p>Licenciatura en Ciencias Pol\u00edticas y Administraci\u00f3n P\u00fablica, en la Universidad Humanitas.<\/p>\n<p>Diplomado en Administraci\u00f3n P\u00fablica Estatal y Municipal en la Universidad An\u00e1huac de Canc\u00fan.<\/p>\n<p>Seminario Internacional de Estrategias Electorales y Pol\u00edticas en el Instituto Tecnol\u00f3gico Aut\u00f3nomo de M\u00e9xico (ITAM)<\/p>\n<h4>Experiencia laboral:<\/h4>\n<p>-Coordinador de operaciones y log\u00edstica del Instituto del Deporte.<\/p>\n<p>-Regidor XIII del Ayuntamiento de Benito Ju\u00e1rez, Presidente de la Comisi\u00f3n de Trabajo y Previsi\u00f3n Social.<\/p>\n<p>-Regidor XI del Ayuntamiento de Benito Ju\u00e1rez, Presidente de la Comisi\u00f3n de Seguridad P\u00fablica.<\/p>\n<p>-Diputado de la XIII Legislatura del Estado de Quintana Roo, Presidente de la Comisi\u00f3n del Deporte.<\/p>\n<p>-Director General del Instituto del Deporte en Benito Ju\u00e1rez<\/p>\n","protected":false},"excerpt":{"rendered":"<p>Durante la D\u00e9cima Octava Sesi\u00f3n Extraordinaria de Cabildo. Nuevos nombramientos: Con esto el Ayuntamiento de Benito Ju\u00e1rez aprob\u00f3 por unanimidad de este cuerpo colegiado la designaci\u00f3n de los directores generales. Del dicho sistema DIF Benito Ju\u00e1rez y el Instituto del Deporte. Por ende, con lo que se reafirma el compromiso del gobierno municipal para atender [&hellip;]<\/p>\n","protected":false},"author":1,"featured_media":9239,"comment_status":"open","ping_status":"closed","sticky":false,"template":"","format":"standard","meta":{"footnotes":""},"categories":[6,9,10],"tags":[],"class_list":["post-9237","post","type-post","status-publish","format-standard","has-post-thumbnail","hentry","category-local","category-politica","category-quintana-roo"],"_links":{"self":[{"href":"https:\/\/podernacional.com\/index.php?rest_route=\/wp\/v2\/posts\/9237","targetHints":{"allow":["GET"]}}],"collection":[{"href":"https:\/\/podernacional.com\/index.php?rest_route=\/wp\/v2\/posts"}],"about":[{"href":"https:\/\/podernacional.com\/index.php?rest_route=\/wp\/v2\/types\/post"}],"author":[{"embeddable":true,"href":"https:\/\/podernacional.com\/index.php?rest_route=\/wp\/v2\/users\/1"}],"replies":[{"embeddable":true,"href":"https:\/\/podernacional.com\/index.php?rest_route=%2Fwp%2Fv2%2Fcomments&post=9237"}],"version-history":[{"count":1,"href":"https:\/\/podernacional.com\/index.php?rest_route=\/wp\/v2\/posts\/9237\/revisions"}],"predecessor-version":[{"id":9238,"href":"https:\/\/podernacional.com\/index.php?rest_route=\/wp\/v2\/posts\/9237\/revisions\/9238"}],"wp:featuredmedia":[{"embeddable":true,"href":"https:\/\/podernacional.com\/index.php?rest_route=\/wp\/v2\/media\/9239"}],"wp:attachment":[{"href":"https:\/\/podernacional.com\/index.php?rest_route=%2Fwp%2Fv2%2Fmedia&parent=9237"}],"wp:term":[{"taxonomy":"category","embeddable":true,"href":"https:\/\/podernacional.com\/index.php?rest_route=%2Fwp%2Fv2%2Fcategories&post=9237"},{"taxonomy":"post_tag","embeddable":true,"href":"https:\/\/podernacional.com\/index.php?rest_route=%2Fwp%2Fv2%2Ftags&post=9237"}],"curies":[{"name":"wp","href":"https:\/\/api.w.org\/{rel}","templated":true}]}}