{"id":9240,"date":"2022-09-22T19:39:51","date_gmt":"2022-09-23T00:39:51","guid":{"rendered":"https:\/\/podernacional.com\/?p=9240"},"modified":"2022-09-23T00:39:52","modified_gmt":"2022-09-23T00:39:52","slug":"ciclistas-buscan-volver-a-playa-del-carmen-un-lugar-seguro-para-transitar","status":"publish","type":"post","link":"https:\/\/podernacional.com\/?p=9240","title":{"rendered":"Ciclistas buscan volver a Playa del Carmen un lugar seguro para transitar"},"content":{"rendered":"<h4>La organizaci\u00f3n Bicineta prepara una rodada especial por el D\u00eda Mundial sin Auto en la ciudad.<\/h4>\n<p>Ciclistas: D\u00eda Mundial sin Autom\u00f3vil da esperanza de un mejor Playa del Carmen para el ciclista y peat\u00f3n.<\/p>\n<p>Para el D\u00eda Mundial sin Auto, la representaci\u00f3n de Bicineta consider\u00f3 que a\u00fan hay oportunidad de hacer de Playa del Carmen la ciudad ideal.<\/p>\n<p>Esto\u00a0para el respeto del ciclista y el peat\u00f3n.<\/p>\n<p>Javier Res\u00e9ndiz Fern\u00e1ndez de Lara, fundador del grupo.<\/p>\n<p>El cual\u00a0dijo que a pesar de que en la \u00faltima d\u00e9cada gobiernos locales no pusieron \u00e9nfasis en la infraestructura para el peat\u00f3n y ciclistas.<\/p>\n<p>Ademas que\u00a0conf\u00edan en los siguientes a\u00f1os continuar con la labor de concientizaci\u00f3n hacia los automovilistas y la misma autoridad.<\/p>\n<p>\u201cHemos tenido mucho aprendizaje como los gobiernos tienen la perspectiva de la movilidad\u201d.<\/p>\n<h4>\u201cAdemas que\u00a0tienen el inter\u00e9s y parece que tienen las oportunidades de hacer cambio\u201d.<\/h4>\n<p>\u201cAunque\u00a0tambi\u00e9n est\u00e1 el arraigo a pensar desde el autom\u00f3vil (&#8230;) me gustar\u00eda subrayar en esta administraci\u00f3n en espec\u00edfico\u201d.<\/p>\n<p>\u201cLa cual\u00a0nos han considerado para externar nuestro punto de vista y compartir nuestra experiencia\u201d.<\/p>\n<p>\u201cAs\u00ed que\u00a0nos estamos encargando de que la bicicleta est\u00e9 presente y las ciclov\u00edas sean rescatadas\u201d, expuso Javier Res\u00e9ndiz.<\/p>\n<p>Bicineta es una organizaci\u00f3n ciudadana sin fines de lucro que trabaja sobre la utilidad de la bicicleta como medio de transporte.<\/p>\n<p>Al igual que\u00a0una alternativa ante el uso intensivo del autom\u00f3vil en Playa del Carmen.<\/p>\n<p>Preparan rodada especial por el D\u00eda Mundial sin Auto<\/p>\n<p>Continuamente realizan rodadas, principalmente en la noche por las principales calles, avenidas y zonas transitables de la ciudad de Playa del Carmen.<\/p>\n<p>Ademas que cuenta con\u00a0actividades que han venido realizando desde hace 10 a\u00f1os.<\/p>\n<h4>\u201cTenemos el deseo de que en los pr\u00f3ximos 10 a\u00f1os haya una conciencia ciudadana entre la misma ciudadan\u00eda para defender los espacios vulnerables\u201d.<\/h4>\n<p>\u201cAs\u00ed como que tengan una perspectiva distinta y abordar una ciudad m\u00e1s urbana, estamos m\u00e1s emp\u00e1ticos a transformar la sociedad\u201d, agreg\u00f3.<\/p>\n<p>Este viernes tendr\u00e1n una rodada especial por el D\u00eda Mundial sin Auto.<\/p>\n<p>Arrancar\u00e1 a las siete de la noche de la plaza 28 de Julio y recorrer\u00e1 las principales calles y avenidas de la ciudad.<\/p>\n<p>La Universidad Nacional Aut\u00f3noma de M\u00e9xico dio a conocer que se estableci\u00f3 en 1998 el D\u00eda Mundial sin Auto.<\/p>\n<p>Esto\u00a0con el objetivo de desincentivar el uso de veh\u00edculos automotor que causa da\u00f1os al medio ambiente.<\/p>\n<p>Ademas que\u00a0puede propiciar afectaciones a la salud por el sedentarismo que conlleva su uso.<\/p>\n","protected":false},"excerpt":{"rendered":"<p>La organizaci\u00f3n Bicineta prepara una rodada especial por el D\u00eda Mundial sin Auto en la ciudad. Ciclistas: D\u00eda Mundial sin Autom\u00f3vil da esperanza de un mejor Playa del Carmen para el ciclista y peat\u00f3n. Para el D\u00eda Mundial sin Auto, la representaci\u00f3n de Bicineta consider\u00f3 que a\u00fan hay oportunidad de hacer de Playa del Carmen [&hellip;]<\/p>\n","protected":false},"author":1,"featured_media":9242,"comment_status":"open","ping_status":"closed","sticky":false,"template":"","format":"standard","meta":{"footnotes":""},"categories":[6,10],"tags":[],"class_list":["post-9240","post","type-post","status-publish","format-standard","has-post-thumbnail","hentry","category-local","category-quintana-roo"],"_links":{"self":[{"href":"https:\/\/podernacional.com\/index.php?rest_route=\/wp\/v2\/posts\/9240","targetHints":{"allow":["GET"]}}],"collection":[{"href":"https:\/\/podernacional.com\/index.php?rest_route=\/wp\/v2\/posts"}],"about":[{"href":"https:\/\/podernacional.com\/index.php?rest_route=\/wp\/v2\/types\/post"}],"author":[{"embeddable":true,"href":"https:\/\/podernacional.com\/index.php?rest_route=\/wp\/v2\/users\/1"}],"replies":[{"embeddable":true,"href":"https:\/\/podernacional.com\/index.php?rest_route=%2Fwp%2Fv2%2Fcomments&post=9240"}],"version-history":[{"count":1,"href":"https:\/\/podernacional.com\/index.php?rest_route=\/wp\/v2\/posts\/9240\/revisions"}],"predecessor-version":[{"id":9241,"href":"https:\/\/podernacional.com\/index.php?rest_route=\/wp\/v2\/posts\/9240\/revisions\/9241"}],"wp:featuredmedia":[{"embeddable":true,"href":"https:\/\/podernacional.com\/index.php?rest_route=\/wp\/v2\/media\/9242"}],"wp:attachment":[{"href":"https:\/\/podernacional.com\/index.php?rest_route=%2Fwp%2Fv2%2Fmedia&parent=9240"}],"wp:term":[{"taxonomy":"category","embeddable":true,"href":"https:\/\/podernacional.com\/index.php?rest_route=%2Fwp%2Fv2%2Fcategories&post=9240"},{"taxonomy":"post_tag","embeddable":true,"href":"https:\/\/podernacional.com\/index.php?rest_route=%2Fwp%2Fv2%2Ftags&post=9240"}],"curies":[{"name":"wp","href":"https:\/\/api.w.org\/{rel}","templated":true}]}}