{"id":9243,"date":"2022-09-22T19:43:30","date_gmt":"2022-09-23T00:43:30","guid":{"rendered":"https:\/\/podernacional.com\/?p=9243"},"modified":"2022-09-23T00:43:31","modified_gmt":"2022-09-23T00:43:31","slug":"alcanza-zacatecas-una-semana-sin-muertes-por-covid-19","status":"publish","type":"post","link":"https:\/\/podernacional.com\/?p=9243","title":{"rendered":"Alcanza Zacatecas una semana sin muertes por COVID-19"},"content":{"rendered":"<h4>La SSZ inform\u00f3 de 43 nuevos casos y 21 recuperados<\/h4>\n<p>Semana sin muertes por COVID-19: <a href=\"https:\/\/www.zacatecas.gob.mx\/\">Zacatecas<\/a>, Zac., Septiembre del 2022.- Este mi\u00e9rcoles la entidad alcanz\u00f3 una semana sin muertes por COVID-19.<\/p>\n<p>De acuerdo a informaci\u00f3n de la Secretar\u00eda de Salud de Zacatecas (SSZ), hoy son 43 los nuevos casos y 21 las personas recuperadas.<\/p>\n<p>Del total de nuevos positivos, 20 fueron registrados en Guadalupe, 15 en Zacatecas, en Fresnillo y Tlaltenango dos, en cada municipio.<\/p>\n<p>As\u00ed como con\u00a0los dem\u00e1s en Miguel Auza, Pinos, Sombrerete y Villa de Cos. Ninguno requiri\u00f3 atenci\u00f3n hospitalaria.<\/p>\n<p>Este d\u00eda son 30 mujeres y 13 hombres, 16 de los cuales tienen entre 19 y 29 a\u00f1os.<\/p>\n<p>Al igual que de\u00a0nueve, entre 1 y 14; ocho, entre 43 y 49.<\/p>\n<p>Ademas de entre seis, entre 32 y 39; tres, entre 50 y 54, y uno tiene 70.<\/p>\n<p>El total de casos positivos confirmados es de 77 mil 860.<\/p>\n<h4>Dejan atr\u00e1s la enfermedad 21 personas<\/h4>\n<p>Respecto a las personas que dejaron atr\u00e1s la enfermedad causada por el coronavirus, la SSZ inform\u00f3 que son 10 mujeres y 11 hombres.<\/p>\n<p>La mayor\u00eda (13) tienen su domicilio en Fresnillo, seguidos por los habitantes de Guadalupe (5).<\/p>\n<p>As\u00ed como con el resto est\u00e1 avecindado en R\u00edo Grande, Villa de Cos y Zacatecas.<\/p>\n<p>Seis de estas personas tienen entre 1 y 17 a\u00f1os; cinco son de entre 22 y 28; una tiene 37.<\/p>\n<p>Al igual que de cuatro est\u00e1n en la cuarta d\u00e9cada de vida; dos tienen 51 y 52 a\u00f1os, y tres son mayores de 60.<\/p>\n<p>Zacatecas suma, a la fecha, 73 mil 639 pacientes en esta condici\u00f3n y la de defunciones se mantiene en 4 mil 004.<\/p>\n","protected":false},"excerpt":{"rendered":"<p>La SSZ inform\u00f3 de 43 nuevos casos y 21 recuperados Semana sin muertes por COVID-19: Zacatecas, Zac., Septiembre del 2022.- Este mi\u00e9rcoles la entidad alcanz\u00f3 una semana sin muertes por COVID-19. De acuerdo a informaci\u00f3n de la Secretar\u00eda de Salud de Zacatecas (SSZ), hoy son 43 los nuevos casos y 21 las personas recuperadas. Del [&hellip;]<\/p>\n","protected":false},"author":1,"featured_media":9245,"comment_status":"open","ping_status":"closed","sticky":false,"template":"","format":"standard","meta":{"footnotes":""},"categories":[7,11],"tags":[],"class_list":["post-9243","post","type-post","status-publish","format-standard","has-post-thumbnail","hentry","category-nacional","category-salud"],"_links":{"self":[{"href":"https:\/\/podernacional.com\/index.php?rest_route=\/wp\/v2\/posts\/9243","targetHints":{"allow":["GET"]}}],"collection":[{"href":"https:\/\/podernacional.com\/index.php?rest_route=\/wp\/v2\/posts"}],"about":[{"href":"https:\/\/podernacional.com\/index.php?rest_route=\/wp\/v2\/types\/post"}],"author":[{"embeddable":true,"href":"https:\/\/podernacional.com\/index.php?rest_route=\/wp\/v2\/users\/1"}],"replies":[{"embeddable":true,"href":"https:\/\/podernacional.com\/index.php?rest_route=%2Fwp%2Fv2%2Fcomments&post=9243"}],"version-history":[{"count":1,"href":"https:\/\/podernacional.com\/index.php?rest_route=\/wp\/v2\/posts\/9243\/revisions"}],"predecessor-version":[{"id":9244,"href":"https:\/\/podernacional.com\/index.php?rest_route=\/wp\/v2\/posts\/9243\/revisions\/9244"}],"wp:featuredmedia":[{"embeddable":true,"href":"https:\/\/podernacional.com\/index.php?rest_route=\/wp\/v2\/media\/9245"}],"wp:attachment":[{"href":"https:\/\/podernacional.com\/index.php?rest_route=%2Fwp%2Fv2%2Fmedia&parent=9243"}],"wp:term":[{"taxonomy":"category","embeddable":true,"href":"https:\/\/podernacional.com\/index.php?rest_route=%2Fwp%2Fv2%2Fcategories&post=9243"},{"taxonomy":"post_tag","embeddable":true,"href":"https:\/\/podernacional.com\/index.php?rest_route=%2Fwp%2Fv2%2Ftags&post=9243"}],"curies":[{"name":"wp","href":"https:\/\/api.w.org\/{rel}","templated":true}]}}