{"id":9246,"date":"2022-09-22T19:49:59","date_gmt":"2022-09-23T00:49:59","guid":{"rendered":"https:\/\/podernacional.com\/?p=9246"},"modified":"2022-09-23T00:50:00","modified_gmt":"2022-09-23T00:50:00","slug":"exige-la-ip-contener-crimen-en-zacatecas","status":"publish","type":"post","link":"https:\/\/podernacional.com\/?p=9246","title":{"rendered":"Exige la IP contener crimen en Zacatecas"},"content":{"rendered":"<h4>Integrantes de la Asociaci\u00f3n de Comerciantes del Centro Hist\u00f3rico de Zacatecas exigieron a los tres niveles del gobierno.<\/h4>\n<p>La IP: Las cuales buscan acciones urgentes de contenci\u00f3n y reducci\u00f3n de la violencia y la inseguridad en el estado.<\/p>\n<p>Zacatecas, Zac. Integrantes de la Asociaci\u00f3n de Comerciantes del Centro Hist\u00f3rico de Zacatecas exigieron a los tres niveles del gobierno.<\/p>\n<p>Las cuales son\u00a0\u201cacciones urgentes de contenci\u00f3n y reducci\u00f3n de la violencia y la inseguridad\u201d en el estado.<\/p>\n<p>As\u00ed como\u00a0ante la ca\u00edda del turismo y las ventas en comercios, restaurantes y otros negocios, particularmente en la capital.<\/p>\n<p>Representantes del organismo encabezados por su presidente, \u00c1lvaro Zald\u00edvar.<\/p>\n<p>El cual advirtieron ayer en conferencia de prensa: \u201cel desplome alarmante de la afluencia tur\u00edstica est\u00e1 poniendo en riesgo el ingreso de miles de familias.<\/p>\n<h4>\u201cNoventa por ciento de nuestros visitantes llegan por v\u00eda terrestre y el miedo a ser asaltados y despojados de sus bienes\u201d.<\/h4>\n<p>\u201cAdemas del\u00a0veh\u00edculos hace que turistas y habitantes de otros municipios eviten circular por las carreteras del estado\u201d.<\/p>\n<p>\u201cCon ello estrangulan y limitan el movimiento de personas y mercanc\u00edas, se paraliza la econom\u00eda\u201d, expusieron.<\/p>\n<p>Zald\u00edvar manifest\u00f3 que los m\u00e1s de 400 comerciantes del centro hist\u00f3rico. (La IP).<\/p>\n<p>El cual\u00a0\u201cven con preocupaci\u00f3n y desesperaci\u00f3n la severa crisis tur\u00edstica que vive la entidad\u201d.<\/p>\n<p>A finales de 2021, explic\u00f3, comerciantes y restauranteros:<\/p>\n<p>\u201cVimos con agrado que despu\u00e9s de la pandemia el turismo empezaba a reactivarse con n\u00fameros excelentes y en ascenso\u201d.<\/p>\n<p>\u201cPero este a\u00f1o, con lo sucedido en plaza de armas\u201d.<\/p>\n<p>(Donde un grupo criminal abandon\u00f3 el 6 de enero pasado un autom\u00f3vil con 10 cad\u00e1veres dentro, frente al palacio de gobierno estatal).<\/p>\n<p>El cual\u00a0se desat\u00f3 la ola de violencia en todo Zacatecas\u201d.<\/p>\n<p>El l\u00edder de los comerciantes, que adem\u00e1s es propietario de negocios de artesan\u00edas, mezcal y joyer\u00eda de plata.<\/p>\n<h4>Ademas que\u00a0lament\u00f3 que en todos los medios de comunicaci\u00f3n locales y nacionales.<\/h4>\n<p>Los cuales se \u201cdifundan estas acciones (criminales)\u201d, porque eso ahuyenta m\u00e1s al turismo.(La IP).<\/p>\n<p>La difusi\u00f3n de los actos delictivos, se\u00f1al\u00f3:<\/p>\n<p>\u201cHa provocado que Zacatecas est\u00e9 en todos los medios de comunicaci\u00f3n como un lugar violento e inseguro\u201d.<\/p>\n<p>\u201cLo que ha tra\u00eddo el desplome alarmante de la afluencia de los turistas.<\/p>\n<p>\u201cYa no vienen como antes los turistas de los estados del norte del pa\u00eds; no se ven las caravanas de camionetas cargadas de maletas\u201d.<\/p>\n<p>\u201cAs\u00ed como de regalos de nuestros paisanos radicados en Estados Unidos\u201d<\/p>\n<p>\u201cYa nos da miedo transitar por las carreteras del estado, sobre todo en las noches.\u201d<\/p>\n<p>El problema de la inseguridad, acus\u00f3 Zald\u00edvar, se debe \u201ca la estrategia (de los gobiernos) federal, estatal y municipal (porque) no est\u00e1 funcionando.<\/p>\n<p>\u201cEs obligaci\u00f3n del Estado garantizar la seguridad de sus ciudadanos. Los abrazos no est\u00e1n sirviendo para nada\u201d.<\/p>\n<p>\u201cLo peor, neciamente no se quiere cambiar de estrategia, mientras la muerte y la violencia no paran en Zacatecas y en todo el pa\u00eds.<\/p>\n<p>\u201cSabemos de la guerra que existe entre grupos criminales y la violencia que eso est\u00e1 provocando, pero atacar, asaltar.<\/p>\n<p>\u201cAs\u00ed como de\u00a0violentar a gente inocente es lo que m\u00e1s lastima a la sociedad y crea este ambiente de inseguridad\u201d.<\/p>\n<p>\u201cAl igual que de vulnerabilidad en el que nadie se siente a salvo\u201d, a\u00f1adi\u00f3.<\/p>\n","protected":false},"excerpt":{"rendered":"<p>Integrantes de la Asociaci\u00f3n de Comerciantes del Centro Hist\u00f3rico de Zacatecas exigieron a los tres niveles del gobierno. La IP: Las cuales buscan acciones urgentes de contenci\u00f3n y reducci\u00f3n de la violencia y la inseguridad en el estado. Zacatecas, Zac. Integrantes de la Asociaci\u00f3n de Comerciantes del Centro Hist\u00f3rico de Zacatecas exigieron a los tres [&hellip;]<\/p>\n","protected":false},"author":1,"featured_media":9248,"comment_status":"open","ping_status":"closed","sticky":false,"template":"","format":"standard","meta":{"footnotes":""},"categories":[7,8,9],"tags":[],"class_list":["post-9246","post","type-post","status-publish","format-standard","has-post-thumbnail","hentry","category-nacional","category-policia","category-politica"],"_links":{"self":[{"href":"https:\/\/podernacional.com\/index.php?rest_route=\/wp\/v2\/posts\/9246","targetHints":{"allow":["GET"]}}],"collection":[{"href":"https:\/\/podernacional.com\/index.php?rest_route=\/wp\/v2\/posts"}],"about":[{"href":"https:\/\/podernacional.com\/index.php?rest_route=\/wp\/v2\/types\/post"}],"author":[{"embeddable":true,"href":"https:\/\/podernacional.com\/index.php?rest_route=\/wp\/v2\/users\/1"}],"replies":[{"embeddable":true,"href":"https:\/\/podernacional.com\/index.php?rest_route=%2Fwp%2Fv2%2Fcomments&post=9246"}],"version-history":[{"count":1,"href":"https:\/\/podernacional.com\/index.php?rest_route=\/wp\/v2\/posts\/9246\/revisions"}],"predecessor-version":[{"id":9247,"href":"https:\/\/podernacional.com\/index.php?rest_route=\/wp\/v2\/posts\/9246\/revisions\/9247"}],"wp:featuredmedia":[{"embeddable":true,"href":"https:\/\/podernacional.com\/index.php?rest_route=\/wp\/v2\/media\/9248"}],"wp:attachment":[{"href":"https:\/\/podernacional.com\/index.php?rest_route=%2Fwp%2Fv2%2Fmedia&parent=9246"}],"wp:term":[{"taxonomy":"category","embeddable":true,"href":"https:\/\/podernacional.com\/index.php?rest_route=%2Fwp%2Fv2%2Fcategories&post=9246"},{"taxonomy":"post_tag","embeddable":true,"href":"https:\/\/podernacional.com\/index.php?rest_route=%2Fwp%2Fv2%2Ftags&post=9246"}],"curies":[{"name":"wp","href":"https:\/\/api.w.org\/{rel}","templated":true}]}}