{"id":9270,"date":"2022-09-23T18:46:01","date_gmt":"2022-09-23T23:46:01","guid":{"rendered":"https:\/\/podernacional.com\/?p=9270"},"modified":"2022-09-23T23:46:03","modified_gmt":"2022-09-23T23:46:03","slug":"arriban-otros-200-militares-para-reforzar-la-seguridad-de-zacatecas","status":"publish","type":"post","link":"https:\/\/podernacional.com\/?p=9270","title":{"rendered":"Arriban otros 200 militares para reforzar la seguridad de Zacatecas"},"content":{"rendered":"<h4>Las autoridades castrenses han reconocido que estos contingentes ser\u00e1n constantes y cada mes, de manera calendarizada.<\/h4>\n<p>Reforzar la seguridad: Lo cual mencionan que estar\u00edan llegando m\u00e1s efectivos<\/p>\n<p>Con esto, la Secretar\u00eda de la Defensa Nacional (<a href=\"https:\/\/www.gob.mx\/sedena\">Sedena<\/a>) inform\u00f3 el arribo de 200 elementos procedentes de Saltillo, Coahuila.<\/p>\n<p>Ademas que esto, con la misi\u00f3n de apoyar las acciones que ya realiza la Comandancia de la 11 Zona Militar en Zacatecas.<\/p>\n<p>Por lo cual; En un comunicado, la Sedena precis\u00f3 que este refuerzo de elementos forman parte de la Fuerza de Tarea Conjunta M\u00e9xico.<\/p>\n<h4>Con el fin de continuar con la Estrategia de Paz y Seguridad que se ha aplicado en Zacatecas.<\/h4>\n<p>Ademas, lo cual ser\u00eda para unirse a los esfuerzos de los tres \u00f3rdenes de gobierno que pretende:<\/p>\n<p>\u00abBrindar un ambiente de tranquilidad, paz y seguridad en beneficio de la poblaci\u00f3n\u00bb.<\/p>\n<p>Por ende, cabe mencionar que en las \u00faltimas semanas, la Sedena ha mandado m\u00e1s de mil elementos (Reforzar la seguridad).<\/p>\n<p>Los cuales mencionan que son procedentes de diversas partes del pa\u00eds para apoyar las tareas de seguridad en este territorio.<\/p>\n<p>Incluso, las autoridades castrenses han reconocido que estos contingentes ser\u00e1n constantes y cada mes, de manera calendarizada, estar\u00edan llegando m\u00e1s efectivos.<\/p>\n<p>Con esto finalmente, La Secretar\u00eda de la Defensa Nacional (Sedena) informa el arribo de 200 elementos procedentes de Saltillo, Coahuila.<\/p>\n<p>&nbsp;<\/p>\n","protected":false},"excerpt":{"rendered":"<p>Las autoridades castrenses han reconocido que estos contingentes ser\u00e1n constantes y cada mes, de manera calendarizada. Reforzar la seguridad: Lo cual mencionan que estar\u00edan llegando m\u00e1s efectivos Con esto, la Secretar\u00eda de la Defensa Nacional (Sedena) inform\u00f3 el arribo de 200 elementos procedentes de Saltillo, Coahuila. Ademas que esto, con la misi\u00f3n de apoyar las [&hellip;]<\/p>\n","protected":false},"author":1,"featured_media":9272,"comment_status":"open","ping_status":"closed","sticky":false,"template":"","format":"standard","meta":{"footnotes":""},"categories":[7,8,9],"tags":[],"class_list":["post-9270","post","type-post","status-publish","format-standard","has-post-thumbnail","hentry","category-nacional","category-policia","category-politica"],"_links":{"self":[{"href":"https:\/\/podernacional.com\/index.php?rest_route=\/wp\/v2\/posts\/9270","targetHints":{"allow":["GET"]}}],"collection":[{"href":"https:\/\/podernacional.com\/index.php?rest_route=\/wp\/v2\/posts"}],"about":[{"href":"https:\/\/podernacional.com\/index.php?rest_route=\/wp\/v2\/types\/post"}],"author":[{"embeddable":true,"href":"https:\/\/podernacional.com\/index.php?rest_route=\/wp\/v2\/users\/1"}],"replies":[{"embeddable":true,"href":"https:\/\/podernacional.com\/index.php?rest_route=%2Fwp%2Fv2%2Fcomments&post=9270"}],"version-history":[{"count":1,"href":"https:\/\/podernacional.com\/index.php?rest_route=\/wp\/v2\/posts\/9270\/revisions"}],"predecessor-version":[{"id":9271,"href":"https:\/\/podernacional.com\/index.php?rest_route=\/wp\/v2\/posts\/9270\/revisions\/9271"}],"wp:featuredmedia":[{"embeddable":true,"href":"https:\/\/podernacional.com\/index.php?rest_route=\/wp\/v2\/media\/9272"}],"wp:attachment":[{"href":"https:\/\/podernacional.com\/index.php?rest_route=%2Fwp%2Fv2%2Fmedia&parent=9270"}],"wp:term":[{"taxonomy":"category","embeddable":true,"href":"https:\/\/podernacional.com\/index.php?rest_route=%2Fwp%2Fv2%2Fcategories&post=9270"},{"taxonomy":"post_tag","embeddable":true,"href":"https:\/\/podernacional.com\/index.php?rest_route=%2Fwp%2Fv2%2Ftags&post=9270"}],"curies":[{"name":"wp","href":"https:\/\/api.w.org\/{rel}","templated":true}]}}