{"id":9276,"date":"2022-09-23T19:00:00","date_gmt":"2022-09-24T00:00:00","guid":{"rendered":"https:\/\/podernacional.com\/?p=9276"},"modified":"2022-09-24T00:00:02","modified_gmt":"2022-09-24T00:00:02","slug":"se-mantiene-alta-inflacion-en-zacatecas","status":"publish","type":"post","link":"https:\/\/podernacional.com\/?p=9276","title":{"rendered":"Se mantiene alta inflaci\u00f3n en Zacatecas"},"content":{"rendered":"<h4>Zacatecas se coloc\u00f3 en el sexto lugar con mayor inflaci\u00f3n anual.<\/h4>\n<p>Alta inflaci\u00f3n: s\u00ed como que al registrar 9.87 por ciento mientras que a nivel nacional fue de 8.76, la m\u00e1s alta registrada desde el 2000.<\/p>\n<p>El estado se mantiene entre los primeros lugares del pa\u00eds en tasa anual de aumento de precios de bienes y servicios.<\/p>\n<p>Ademas que\u00a0seg\u00fan la actualizaci\u00f3n para la primera quincena de septiembre.<\/p>\n<p>En el listado de M\u00e9xico C\u00f3mo Vamos, la entidad se ubic\u00f3 solo debajo de Michoac\u00e1n (10.45).<\/p>\n<p>As\u00ed mismo de Oaxaca (10.27), Durango (10.26), Campeche (10.25) y Chiapas (9.92).<\/p>\n<p>Adem\u00e1s, Zacatecas es el segundo con mayor inflaci\u00f3n con relaci\u00f3n a los estados vecinos, despu\u00e9s de Durango, y por arriba de Coahuila (9.82).<\/p>\n<p>As\u00ed como de\u00a0Guanajuato (9.72), Nuevo Le\u00f3n (9.38), Nayarit (9.23), San Luis Potos\u00ed (8.9), Jalisco (8.51) y Aguascalientes (7.7).<\/p>\n<p>Las entidades con menor \u00edndice inflacionario fueron Quer\u00e9taro (7.2), Ciudad de M\u00e9xico (7.69), Aguascalientes, Estado de M\u00e9xico (8) y Tabasco (8.15).<\/p>\n<h4>Mayor impacto<\/h4>\n<p>El economista Jos\u00e9 Luis Guardado P\u00e9rez advirti\u00f3 que el mayor impacto hacia la poblaci\u00f3n es la inflaci\u00f3n no subyacente.<\/p>\n<p>La cual afecta directamente a los art\u00edculos de la canasta b\u00e1sica.<\/p>\n<p>El incremento de estos productos se calcula en aproximadamente 14 por ciento este a\u00f1o.<\/p>\n<p>Lo que merca el poder adquisitivo y obliga a cambiar h\u00e1bitos alimenticios para compensar la falta de ingresos.<\/p>\n<p>\u201cLos m\u00e1s afectados son aquellos que no generan un ingreso extra a su salario y afectar\u00e1 a quienes forman parte de la clase media\u201d.<\/p>\n<p>\u201cPorque los salarios no han tenido ning\u00fan incremento\u201d, afirm\u00f3 el especialista.<\/p>\n<p>A\u00f1adi\u00f3 que el conflicto inflacionario tambi\u00e9n generar\u00e1 problemas con quienes contraten cr\u00e9ditos o busquen comprar art\u00edculos a plazos.<\/p>\n<p>\u201cPorque las tasas de inter\u00e9s tambi\u00e9n van al alza, entonces no es viable en este momento buscar este tipo de opciones financieras\u201d.<\/p>\n<p>Consider\u00f3 que, de acuerdo con las proyecciones, los \u00edndices inflacionarios lograr\u00edan estabilizarse durante los pr\u00f3ximos nueve meses.<\/p>\n<p>\u201cSer\u00eda entonces hasta el segundo semestre del a\u00f1o entrante cuando podamos hablar de una recuperaci\u00f3n econ\u00f3mica\u201d, explic\u00f3.<\/p>\n<p>Sin embargo, reconoci\u00f3 que \u201cm\u00e1s que una buena expectativa, se trata m\u00e1s de buenos prop\u00f3sitos, porque dependemos de muchos factores\u201d.<\/p>\n","protected":false},"excerpt":{"rendered":"<p>Zacatecas se coloc\u00f3 en el sexto lugar con mayor inflaci\u00f3n anual. Alta inflaci\u00f3n: s\u00ed como que al registrar 9.87 por ciento mientras que a nivel nacional fue de 8.76, la m\u00e1s alta registrada desde el 2000. El estado se mantiene entre los primeros lugares del pa\u00eds en tasa anual de aumento de precios de bienes [&hellip;]<\/p>\n","protected":false},"author":1,"featured_media":9278,"comment_status":"open","ping_status":"closed","sticky":false,"template":"","format":"standard","meta":{"footnotes":""},"categories":[7,9],"tags":[],"class_list":["post-9276","post","type-post","status-publish","format-standard","has-post-thumbnail","hentry","category-nacional","category-politica"],"_links":{"self":[{"href":"https:\/\/podernacional.com\/index.php?rest_route=\/wp\/v2\/posts\/9276","targetHints":{"allow":["GET"]}}],"collection":[{"href":"https:\/\/podernacional.com\/index.php?rest_route=\/wp\/v2\/posts"}],"about":[{"href":"https:\/\/podernacional.com\/index.php?rest_route=\/wp\/v2\/types\/post"}],"author":[{"embeddable":true,"href":"https:\/\/podernacional.com\/index.php?rest_route=\/wp\/v2\/users\/1"}],"replies":[{"embeddable":true,"href":"https:\/\/podernacional.com\/index.php?rest_route=%2Fwp%2Fv2%2Fcomments&post=9276"}],"version-history":[{"count":1,"href":"https:\/\/podernacional.com\/index.php?rest_route=\/wp\/v2\/posts\/9276\/revisions"}],"predecessor-version":[{"id":9277,"href":"https:\/\/podernacional.com\/index.php?rest_route=\/wp\/v2\/posts\/9276\/revisions\/9277"}],"wp:featuredmedia":[{"embeddable":true,"href":"https:\/\/podernacional.com\/index.php?rest_route=\/wp\/v2\/media\/9278"}],"wp:attachment":[{"href":"https:\/\/podernacional.com\/index.php?rest_route=%2Fwp%2Fv2%2Fmedia&parent=9276"}],"wp:term":[{"taxonomy":"category","embeddable":true,"href":"https:\/\/podernacional.com\/index.php?rest_route=%2Fwp%2Fv2%2Fcategories&post=9276"},{"taxonomy":"post_tag","embeddable":true,"href":"https:\/\/podernacional.com\/index.php?rest_route=%2Fwp%2Fv2%2Ftags&post=9276"}],"curies":[{"name":"wp","href":"https:\/\/api.w.org\/{rel}","templated":true}]}}