{"id":9279,"date":"2022-09-23T19:07:10","date_gmt":"2022-09-24T00:07:10","guid":{"rendered":"https:\/\/podernacional.com\/?p=9279"},"modified":"2022-09-24T00:07:11","modified_gmt":"2022-09-24T00:07:11","slug":"este-es-el-gabinete-de-la-gobernadora-mara-lezama","status":"publish","type":"post","link":"https:\/\/podernacional.com\/?p=9279","title":{"rendered":"Este es el gabinete de la gobernadora Mara Lezama"},"content":{"rendered":"<h4>Mara Lezama present\u00f3 la tarde de este viernes al equipo de hombres y mujeres que le acompa\u00f1ar\u00e1n en su gabinete.<\/h4>\n<p>Gabinete de la gobernadora: La presentaci\u00f3n la hizo en la ciudad de Chetumal la tarde de este viernes.<\/p>\n<p>Ademas que previo a su toma protesta como gobernadora Constitucional de Quintana Roo que ser\u00e1 el domingo a las 9 horas.<\/p>\n<p>El gabinete est\u00e1 compuesto por Cristina Torres, Secretar\u00eda de Gobierno; Carlos Gorocica, Secretar\u00eda de Educaci\u00f3n.<\/p>\n<p>As\u00ed como de Bernardo Cueto se mantiene en la Secretar\u00eda de Turismo; y Karla Almanza, Secretar\u00eda de Econom\u00eda;<\/p>\n<p>Adem\u00e1s, Armando Lara de Nigris, Secretar\u00eda de Desarrollo Territorial Urbano y Sustentable (Sedetus); Flavio Carlos Rosado.<\/p>\n<p>As\u00ed como de Secretar\u00eda de Salud; Reyna Arceo, Secretar\u00eda de la Contralor\u00eda; y Linda Cobos, Sedarpe.<\/p>\n<p>Asimismo, Pablo Bustamante, Secretar\u00eda de Desarrollo Social; Eugenio Segura, Sefiplan; Huguette Hern\u00e1ndez.<\/p>\n<p>Ademas de la\u00a0Secretar\u00eda de Medio Ambiente; Iraz\u00fa Marisol Sarabia, Secretar\u00eda de Obras P\u00fablicas; y Flor Ruiz Cosio, Secretar\u00eda del Trabajo y Previsi\u00f3n Social.<\/p>\n<h4>Cristina Torres G\u00f3mez, Secretar\u00eda de Gobierno<\/h4>\n<p>Es licenciada, fue presidente municipal de Solidaridad y exdiputada local plurinominal por el Distrito Nueve de Quintana Roo, ejerci\u00f3 durante la XVI Legislatura.<\/p>\n<p>Es una exdiputada electa de forma plurinominal por el Distrito IX de Quintana Roo, ejerci\u00f3 durante la XVI Legislatura.<\/p>\n<h4>Manelich Castilla Cravioto, Secretar\u00eda de Seguridad P\u00fablica.<\/h4>\n<p>Naci\u00f3 en M\u00e9rida, Yucat\u00e1n. Es abogado y maestro en Ciencias Penales, con especializaci\u00f3n en Ciencia Jur\u00eddico Penal.<\/p>\n<p>Cuenta con capacitaci\u00f3n a nivel nacional e internacional, entre la que destaca la impartida por la Polic\u00eda Nacional de Colombia.<\/p>\n<p>As\u00ed como\u00a0el Bur\u00f3 Federal de Investigaciones de Estados Unidos, y la Polic\u00eda Montada de Canad\u00e1.<\/p>\n<p>Se desempe\u00f1\u00f3 como el primer Titular de la Divisi\u00f3n de Gendarmer\u00eda.Esta s\u00e9ptima Divisi\u00f3n de la Polic\u00eda Federal.<\/p>\n<h4>Eugenio Segura V\u00e1zquez, Secretaria de Finanzas y Planeaci\u00f3n<\/h4>\n<p>Es licenciado en econom\u00eda con especialidad en finanzas. Egresado de Culver Academies, Instituto Tecnol\u00f3gico Aut\u00f3nomo de M\u00e9xico.<\/p>\n<p>Ademas de la\u00a0Universidad Pompeu Fabra, Copenhagen Bussiness School y Harvard University<\/p>\n<p>Fue oficial mayor en el Ayuntamiento de Benito Ju\u00e1rez encabezado por Mara Lezama. (esta en el Gabinete de la gobernadora).<\/p>\n<h4>Bernardo Cueto Riestra, Secretar\u00eda de Turismo<\/h4>\n<p>Es licenciado en derecho de la Universidad An\u00e1huac, tiene maestr\u00eda en gobierno y administraci\u00f3n p\u00fablica por la Universidad Complutense de Madrid.<\/p>\n<p>Fue el encargado de dirigir la estrategia de promoci\u00f3n y atracci\u00f3n de inversi\u00f3n en Quintana Roo.<\/p>\n<p>Coordin\u00f3 la estrategia de vinculaci\u00f3n con el sector empresarial del estado para controlar el contagio de Covid 19 y la reactivaci\u00f3n econ\u00f3mica.<\/p>\n<h4>Karla Mar\u00eda Almanza L\u00f3pez, Secretar\u00eda de Econom\u00eda<\/h4>\n<p>Es maestra y empresaria. Fue dirigente de la Asociaci\u00f3n Mexicana de Mujeres Empresarias en Chetumal.<\/p>\n<h4>Carlos Manuel Gorocica Moreno, Secretar\u00eda de Educaci\u00f3n<\/h4>\n<p>Es maestro y fue subsecretario de Educaci\u00f3n b\u00e1sica en la zona norte de Quintana Roo, Coordinador General de Atenci\u00f3n de la Educaci\u00f3n en Benito Ju\u00e1rez.<\/p>\n<h4>Reyna Arceo Rosado, Secretar\u00eda de Contralor\u00eda<\/h4>\n<p>Es licenciada y se desempe\u00f1o como contralora en el Ayuntamiento de Benito Ju\u00e1rez.<\/p>\n<h4>Luis Pablo Bustamante Beltr\u00e1n, Secretar\u00eda de Desarrollo Social<\/h4>\n<p>Es licenciado en derecho del Instituto Tecnol\u00f3gico Aut\u00f3nomo de M\u00e9xico (ITAM)<\/p>\n<p>Integrante del Consejo Pol\u00edtico y secretario General del Comir\u00e9 Ejecutivo Estatal del Partido Verde Ecologista de M\u00e9xico (PVEM) en Quintana Roo.<\/p>\n<p>En 2018, fue aspirante para presidente municipal de Benito Ju\u00e1rez (esta en el Gabinete de la gobernadora).<\/p>\n<p>En 2021 fue nombrado como el nuevo secretario general del Partido Verde Ecologista de M\u00e9xico. Se desempe\u00f1\u00f3 como como s\u00edndico municipal de Benito Ju\u00e1rez.<\/p>\n<h4>Flavio Carlos Rosado, Secretar\u00eda de Salud<\/h4>\n<p>Es licenciado, se desempe\u00f1\u00f3 como delegado del IMSS en Quintana Roo y \u00faltimamente era fue directo del DIF Benito Ju\u00e1rez.<\/p>\n<h4>Iraz\u00fa Marisol Sarabia May, Secretar\u00eda de Obras P\u00fablicas<\/h4>\n<p>Es licenciada y fue diputada local por el Partido Revolucionario Institucional.<\/p>\n<p>Del 2016 al 2018, fue directora de Planeaci\u00f3n en el Ayuntamiento de Isla Mujeres.<\/p>\n<h4>Armando Lara De Nigris, Secretar\u00eda de Desarrollo Territorial Urbano Sustentable<\/h4>\n<p>Es ingeniero y hasta hace poco era Secretario de Ecolog\u00eda y Desarrollo Urbano del municipio de Benito Ju\u00e1rez.<\/p>\n<h4>Josefina Huguette Hern\u00e1ndez G\u00f3mez, Secretar\u00eda de Medio Ambiente<\/h4>\n<p>Es ingeniero.<\/p>\n<h4>Linda Saray Cobos Castro, Secretar\u00eda de Desarrollo Agropecuario, Rural y Pesca<\/h4>\n<p>Es ingeniero ambiental especialista en producciones en Invernadero. Fue diputada local por Morena en la 16 Legislatura de Quintana Roo.<\/p>\n<h4>Flor Ruiz Cos\u00edo, Secr<strong>etar\u00eda del Trabajo y Previsi\u00f3n Social<\/strong><\/h4>\n<p>Es bogada, maestra en derecho y ciencias humanas, candidato a doctor en derecho. Hasta hace unos d\u00edas fue secretar\u00eda del Ayuntamiento de Benito Ju\u00e1rez.<\/p>\n<p>etar\u00eda del Trabajo y Previsi\u00f3n Social<\/p>\n","protected":false},"excerpt":{"rendered":"<p>Mara Lezama present\u00f3 la tarde de este viernes al equipo de hombres y mujeres que le acompa\u00f1ar\u00e1n en su gabinete. Gabinete de la gobernadora: La presentaci\u00f3n la hizo en la ciudad de Chetumal la tarde de este viernes. Ademas que previo a su toma protesta como gobernadora Constitucional de Quintana Roo que ser\u00e1 el domingo [&hellip;]<\/p>\n","protected":false},"author":1,"featured_media":9281,"comment_status":"open","ping_status":"closed","sticky":false,"template":"","format":"standard","meta":{"footnotes":""},"categories":[6,9,10],"tags":[],"class_list":["post-9279","post","type-post","status-publish","format-standard","has-post-thumbnail","hentry","category-local","category-politica","category-quintana-roo"],"_links":{"self":[{"href":"https:\/\/podernacional.com\/index.php?rest_route=\/wp\/v2\/posts\/9279","targetHints":{"allow":["GET"]}}],"collection":[{"href":"https:\/\/podernacional.com\/index.php?rest_route=\/wp\/v2\/posts"}],"about":[{"href":"https:\/\/podernacional.com\/index.php?rest_route=\/wp\/v2\/types\/post"}],"author":[{"embeddable":true,"href":"https:\/\/podernacional.com\/index.php?rest_route=\/wp\/v2\/users\/1"}],"replies":[{"embeddable":true,"href":"https:\/\/podernacional.com\/index.php?rest_route=%2Fwp%2Fv2%2Fcomments&post=9279"}],"version-history":[{"count":1,"href":"https:\/\/podernacional.com\/index.php?rest_route=\/wp\/v2\/posts\/9279\/revisions"}],"predecessor-version":[{"id":9280,"href":"https:\/\/podernacional.com\/index.php?rest_route=\/wp\/v2\/posts\/9279\/revisions\/9280"}],"wp:featuredmedia":[{"embeddable":true,"href":"https:\/\/podernacional.com\/index.php?rest_route=\/wp\/v2\/media\/9281"}],"wp:attachment":[{"href":"https:\/\/podernacional.com\/index.php?rest_route=%2Fwp%2Fv2%2Fmedia&parent=9279"}],"wp:term":[{"taxonomy":"category","embeddable":true,"href":"https:\/\/podernacional.com\/index.php?rest_route=%2Fwp%2Fv2%2Fcategories&post=9279"},{"taxonomy":"post_tag","embeddable":true,"href":"https:\/\/podernacional.com\/index.php?rest_route=%2Fwp%2Fv2%2Ftags&post=9279"}],"curies":[{"name":"wp","href":"https:\/\/api.w.org\/{rel}","templated":true}]}}