{"id":9291,"date":"2022-09-26T19:28:40","date_gmt":"2022-09-27T00:28:40","guid":{"rendered":"https:\/\/podernacional.com\/?p=9291"},"modified":"2022-09-27T00:28:41","modified_gmt":"2022-09-27T00:28:41","slug":"secretaria-de-cultura-de-la-cdmx-confirma-tres-conciertos-gratuitos-mas-en-el-zocalo-en-2022","status":"publish","type":"post","link":"https:\/\/podernacional.com\/?p=9291","title":{"rendered":"Secretaria de Cultura de la CDMX confirma tres conciertos gratuitos m\u00e1s en el Z\u00f3calo en 2022"},"content":{"rendered":"<h4>Claudia Curiel asegur\u00f3 que adem\u00e1s de la presentaci\u00f3n de Joan Manuel Serrat, habr\u00e1 dos eventos m\u00e1s antes de que finalice el a\u00f1o.<\/h4>\n<p>Secretaria de Cultura de la CDMX: El concierto de Grupo Firme en el Z\u00f3calo tuvo m\u00e1s de 100 mil asistentes.<\/p>\n<p>Tras la presentaci\u00f3n de Grupo Firme en el Z\u00f3calo de la Ciudad de M\u00e9xico.<\/p>\n<p>Ademas de\u00a0los capitalinos pueden prepararse para al menos tres conciertos m\u00e1s en el 2022.<\/p>\n<p>As\u00ed\u00a0como parte del programa de conciertos gratuitos que anunci\u00f3 Claudia Sheinbaum, jefa de Gobierno de la CDMX.<\/p>\n<p>Claudia Curiel de Icaza, titular de la Secretar\u00eda de Cultura de la Ciudad de M\u00e9xico.<\/p>\n<p>El cual confirm\u00f3 en entrevista exclusiva para El Financiero que el Gobierno de la capital contempla tres conciertos m\u00e1s en el Z\u00f3calo.<\/p>\n<p>Esto,\u00a0antes de que termine el a\u00f1o, entre los que ya est\u00e1 confirmado el de Joan Manuel Serrat.<\/p>\n<p>\u201cQuedan tres conciertos en lo que queda del a\u00f1o\u201d.<\/p>\n<p>\u201cEl de Serrat, ya saben que viene en octubre en el marco del Cervantino\u201d.<\/p>\n<h4>\u201cAdemas que se, despide su gira y su carrera en el Z\u00f3calo de la Ciudad de M\u00e9xico\u201d, coment\u00f3 que previo al concierto de Grupo Firme.<\/h4>\n<p>El concierto del cantautor espa\u00f1ol est\u00e1 programado para el viernes 21 de octubre de este a\u00f1o.<\/p>\n<p>As\u00ed\u00a0como parte de las actividades y eventos del Festival Cervantino en la Ciudad de M\u00e9xico.<\/p>\n<p>La secretaria de Cultura de Ciudad de M\u00e9xico no quiso confirmar si uno de los otros dos conciertos gratuitos en la Plaza de la Constituci\u00f3n.<\/p>\n<p>El cual ademas ser\u00e1 del multinstrumentalista franc\u00e9s-espa\u00f1ol Manu Chao como se ha rumorado.<\/p>\n<p>El otro concierto ser\u00eda el de los \u00c1ngeles Azules, pues estaba planteado para diciembre de 2021.<\/p>\n<p>Pero fue cancelado por el incremento en casos de COVID-19.<\/p>\n<p>\u201cEse seguro en diciembre, ahora s\u00ed lo recuperamos en diciembre\u201d, coment\u00f3 Sheinbaum Pardo a mediados de julio.<\/p>\n<p>Saldo blanco previo a concierto de Grupo Firme<\/p>\n<p>Claudia Curiel de Icaza, secretaria de Cultura de la Ciudad de M\u00e9xico.<\/p>\n<p>Ademas que coment\u00f3 en entrevista que dada la popularidad de Grupo Firme, realizaron un amplio dispositivo de seguridad en la Plaza de la Constituci\u00f3n.<\/p>\n<p>\u201cAs\u00ed mismo\u00a0en las calles y avenidas que conducen al Z\u00f3calo, adem\u00e1s de instalar m\u00e1s de 20 pantallas para que puedan ver el concierto\u201d.<\/p>\n<p>\u201cS\u00ed esper\u00e1bamos toda esta gente, por eso hicimos un fuerte dispositivo de seguridad para recibir hasta a 300 mil personas\u201d.<\/p>\n<h4>\u201cGrupo Firme es todo un fen\u00f3meno\u201d.<\/h4>\n<p>\u201cHay gente que lleg\u00f3 desde ayer y en la ma\u00f1ana su publico cautivo eran m\u00e1s de 10 mil esperando entrar [al Z\u00f3calo]\u201d.<\/p>\n<p>\u201cEl cual est\u00e1\u00a0desde las 6 de la ma\u00f1ana\u201d, asegur\u00f3 la funcionaria.<\/p>\n<p>Sobre los videos que circularon al mediod\u00eda de varias personas que supuestamente rompieron las vallas e ingresaron en estampida al Z\u00f3calo.<\/p>\n<p>As\u00ed como de\u00a0Curiel de Icaza explic\u00f3 que los elementos de seguridad y protecci\u00f3n civil ya les hab\u00edan dado acceso.<\/p>\n<p>\u201cEso es alarmismo. Los chicos estaban esperando, cuando se abri\u00f3, corrieron por la emoci\u00f3n, pero no hubo accidentes ni nada\u201d.<\/p>\n<p>\u201cTenemos saldo blanco\u201d, dijo a Secretaria de Cultura de la CDMX .<\/p>\n<p>Claudia Curiel destac\u00f3 que los integrantes de Grupo Firme \u201chan tenido la mejor actitud como profesionales\u201d.<\/p>\n<p>Ademas de que fueron \u201cmuy generosos\u201d porque \u201cellos pusieron toda la producci\u00f3n\u201d para su concierto en el Z\u00f3calo.<\/p>\n","protected":false},"excerpt":{"rendered":"<p>Claudia Curiel asegur\u00f3 que adem\u00e1s de la presentaci\u00f3n de Joan Manuel Serrat, habr\u00e1 dos eventos m\u00e1s antes de que finalice el a\u00f1o. Secretaria de Cultura de la CDMX: El concierto de Grupo Firme en el Z\u00f3calo tuvo m\u00e1s de 100 mil asistentes. Tras la presentaci\u00f3n de Grupo Firme en el Z\u00f3calo de la Ciudad de [&hellip;]<\/p>\n","protected":false},"author":1,"featured_media":9293,"comment_status":"open","ping_status":"closed","sticky":false,"template":"","format":"standard","meta":{"footnotes":""},"categories":[4,7],"tags":[],"class_list":["post-9291","post","type-post","status-publish","format-standard","has-post-thumbnail","hentry","category-espectaculos","category-nacional"],"_links":{"self":[{"href":"https:\/\/podernacional.com\/index.php?rest_route=\/wp\/v2\/posts\/9291","targetHints":{"allow":["GET"]}}],"collection":[{"href":"https:\/\/podernacional.com\/index.php?rest_route=\/wp\/v2\/posts"}],"about":[{"href":"https:\/\/podernacional.com\/index.php?rest_route=\/wp\/v2\/types\/post"}],"author":[{"embeddable":true,"href":"https:\/\/podernacional.com\/index.php?rest_route=\/wp\/v2\/users\/1"}],"replies":[{"embeddable":true,"href":"https:\/\/podernacional.com\/index.php?rest_route=%2Fwp%2Fv2%2Fcomments&post=9291"}],"version-history":[{"count":1,"href":"https:\/\/podernacional.com\/index.php?rest_route=\/wp\/v2\/posts\/9291\/revisions"}],"predecessor-version":[{"id":9292,"href":"https:\/\/podernacional.com\/index.php?rest_route=\/wp\/v2\/posts\/9291\/revisions\/9292"}],"wp:featuredmedia":[{"embeddable":true,"href":"https:\/\/podernacional.com\/index.php?rest_route=\/wp\/v2\/media\/9293"}],"wp:attachment":[{"href":"https:\/\/podernacional.com\/index.php?rest_route=%2Fwp%2Fv2%2Fmedia&parent=9291"}],"wp:term":[{"taxonomy":"category","embeddable":true,"href":"https:\/\/podernacional.com\/index.php?rest_route=%2Fwp%2Fv2%2Fcategories&post=9291"},{"taxonomy":"post_tag","embeddable":true,"href":"https:\/\/podernacional.com\/index.php?rest_route=%2Fwp%2Fv2%2Ftags&post=9291"}],"curies":[{"name":"wp","href":"https:\/\/api.w.org\/{rel}","templated":true}]}}