{"id":9294,"date":"2022-09-26T19:33:43","date_gmt":"2022-09-27T00:33:43","guid":{"rendered":"https:\/\/podernacional.com\/?p=9294"},"modified":"2022-09-27T00:33:44","modified_gmt":"2022-09-27T00:33:44","slug":"se-incendio-en-paris-el-mercado-internacional-de-rungis-el-almacen-de-productos-agricolas-mas-grande-del-mundo","status":"publish","type":"post","link":"https:\/\/podernacional.com\/?p=9294","title":{"rendered":"Se incendi\u00f3 en Par\u00eds el Mercado Internacional de Rungis, el almac\u00e9n de productos agr\u00edcolas m\u00e1s grande del mundo"},"content":{"rendered":"<h4>Los bomberos trabajan en el lugar. El almac\u00e9n cubre una superficie de 7,000 metros cuadrados<\/h4>\n<p>Par\u00eds: Se incendia el Mercado Internacional de Rungis en Francia<\/p>\n<p>Una ondulante columna de humo oscuro se elev\u00f3 sobre Par\u00eds el domingo desde el incendio de un almac\u00e9n de Rungis.<\/p>\n<p>El cual es un enorme mercado de productos agr\u00edcolas que abastece a la capital francesa.<\/p>\n<p>Ademas\u00a0a la regi\u00f3n circundante con gran parte de sus alimentos frescos y se anuncia como el m\u00e1s grande de su tipo en el mundo.<\/p>\n<p>Los bomberos por el momento no dieron parte de v\u00edctimas.<\/p>\n<p>As\u00ed como que instaron a la gente a mantenerse alejada del \u00e1rea en los suburbios del sur de Par\u00eds.<\/p>\n<p>Mientras 100 oficiales y 30 camiones de bomberos luchaban contra el incendio en el Mercado Internacional de Rungis.<\/p>\n<p>\u201dEn el lugar est\u00e1n 30 aparatos, y han sido movilizados unos cien bomberos\u201d, indic\u00f3 un portavoz del cuerpo, el capit\u00e1n Marc Le Moine.<\/p>\n<h4>\u201dEl fuego est\u00e1 casi controlado, no hay v\u00edctimas y tampoco hay riesgo de propagaci\u00f3n\u201d, a\u00f1adi\u00f3.<\/h4>\n<p>Las autoridades locales indicaron que el fuego comenz\u00f3 por razones desconocidas en un almac\u00e9n de frutas y verduras.<\/p>\n<p>A la redonda y desde varios kil\u00f3metros pod\u00eda verse una espesa columna de humo.<\/p>\n<p>Seg\u00fan el medio franc\u00e9s Le Dauphin\u00e9.<\/p>\n<p>Ademas que el incendio se desat\u00f3 en un almac\u00e9n de unos 8.000 m2 perteneciente al grupo Les Halles Mandar.<\/p>\n<p>Menciona que emplea a 213 empleados en el lugar.<\/p>\n<p>\u201cHemos perdido nuestra herramienta de trabajo\u201d.<\/p>\n<p>\u201cEs un sitio donde preparamos pedidos personalizados para nuestros clientes, en catering y entrega\u201d, dijo su presidente, Shaoul Abramczyk.<\/p>\n<p>\u201cEs un shock, pero estamos encantados de que no haya heridos\u201d.<\/p>\n<p>\u201cNo podremos cumplir con los pedidos de nuestros empleados a partir de ma\u00f1ana (lunes) y durante varios d\u00edas\u201d, agreg\u00f3.<\/p>\n<p>En un comunicado, St\u00e9phane Layani, presidente del mercado Rungis, asegur\u00f3 su \u201csolidaridad\u201d y \u201capoyo\u201d a la empresa Les Halles Mandar.<\/p>\n<p>\u201cIncluso si el Mercado Rungis reanudar\u00e1 sus actividades el (lunes).<\/p>\n<h4>Esto, cuando un operador del Mercado es v\u00edctima de una tragedia de esta naturaleza.<\/h4>\n<p>Ademas que\u00a0es todo el Mercado el que se ve afectado en su coraz\u00f3n\u201d, explic\u00f3.<\/p>\n<p>El medio adem\u00e1s asegur\u00f3 que a finales de junio.<\/p>\n<p>As\u00ed como que\u00a0se produjo un incendio en la zona industrial del mercado sin causar heridos ni peligro inmediato.<\/p>\n<p>Un fuego de horno hab\u00eda comenzado antes de extenderse a un catalizador<\/p>\n<p>El diario CNN Portugal asegur\u00f3 que el aeropuerto de Orly comunic\u00f3 en sus redes sociales.<\/p>\n<p>Ademas que el tr\u00e1fico a\u00e9reo no se ha visto afectado por ahora y que los servicios de emergencia se han movilizado como prevenci\u00f3n.<\/p>\n<p>Vincent Jeanbrun, alcalde de la cercana ciudad de L\u2019Ha\u00ff-les-Rosesde escrib\u00ed\u00f3 en Twitter:<\/p>\n<p>\u201cMe gustar\u00eda expresar mi solidaridad con los empleados del mercado y la compa\u00f1\u00eda Mandar\u201d.<\/p>\n<p>\u201cNuestro apoyo acompa\u00f1a a los bomberos que est\u00e1n haciendo todo lo posible para que la situaci\u00f3n vuelva a la normalidad\u201d.<\/p>\n<p>El extenso mercado mayorista, ubicado a 7km al sur de Par\u00eds, es una verdadera ciudad en s\u00ed misma, con m\u00e1s de 12.000 personas trabajando all\u00ed.<\/p>\n<p>As\u00ed como de\u00a0almacenes llenos de frutas y verduras, mariscos, carnes, productos l\u00e1cteos y flores de toda Francia y de todo el mundo.<\/p>\n","protected":false},"excerpt":{"rendered":"<p>Los bomberos trabajan en el lugar. El almac\u00e9n cubre una superficie de 7,000 metros cuadrados Par\u00eds: Se incendia el Mercado Internacional de Rungis en Francia Una ondulante columna de humo oscuro se elev\u00f3 sobre Par\u00eds el domingo desde el incendio de un almac\u00e9n de Rungis. El cual es un enorme mercado de productos agr\u00edcolas que [&hellip;]<\/p>\n","protected":false},"author":1,"featured_media":9296,"comment_status":"open","ping_status":"closed","sticky":false,"template":"","format":"standard","meta":{"footnotes":""},"categories":[4,5],"tags":[],"class_list":["post-9294","post","type-post","status-publish","format-standard","has-post-thumbnail","hentry","category-espectaculos","category-internacional"],"_links":{"self":[{"href":"https:\/\/podernacional.com\/index.php?rest_route=\/wp\/v2\/posts\/9294","targetHints":{"allow":["GET"]}}],"collection":[{"href":"https:\/\/podernacional.com\/index.php?rest_route=\/wp\/v2\/posts"}],"about":[{"href":"https:\/\/podernacional.com\/index.php?rest_route=\/wp\/v2\/types\/post"}],"author":[{"embeddable":true,"href":"https:\/\/podernacional.com\/index.php?rest_route=\/wp\/v2\/users\/1"}],"replies":[{"embeddable":true,"href":"https:\/\/podernacional.com\/index.php?rest_route=%2Fwp%2Fv2%2Fcomments&post=9294"}],"version-history":[{"count":1,"href":"https:\/\/podernacional.com\/index.php?rest_route=\/wp\/v2\/posts\/9294\/revisions"}],"predecessor-version":[{"id":9295,"href":"https:\/\/podernacional.com\/index.php?rest_route=\/wp\/v2\/posts\/9294\/revisions\/9295"}],"wp:featuredmedia":[{"embeddable":true,"href":"https:\/\/podernacional.com\/index.php?rest_route=\/wp\/v2\/media\/9296"}],"wp:attachment":[{"href":"https:\/\/podernacional.com\/index.php?rest_route=%2Fwp%2Fv2%2Fmedia&parent=9294"}],"wp:term":[{"taxonomy":"category","embeddable":true,"href":"https:\/\/podernacional.com\/index.php?rest_route=%2Fwp%2Fv2%2Fcategories&post=9294"},{"taxonomy":"post_tag","embeddable":true,"href":"https:\/\/podernacional.com\/index.php?rest_route=%2Fwp%2Fv2%2Ftags&post=9294"}],"curies":[{"name":"wp","href":"https:\/\/api.w.org\/{rel}","templated":true}]}}