{"id":9300,"date":"2022-09-26T19:59:24","date_gmt":"2022-09-27T00:59:24","guid":{"rendered":"https:\/\/podernacional.com\/?p=9300"},"modified":"2022-09-27T00:59:25","modified_gmt":"2022-09-27T00:59:25","slug":"anuncia-gobernador-david-monreal-iniciativa-de-reforma-a-la-ley-de-cambio-climatico-del-estado-de-zacatecas","status":"publish","type":"post","link":"https:\/\/podernacional.com\/?p=9300","title":{"rendered":"Anuncia Gobernador David Monreal iniciativa de reforma a la Ley de Cambio Clim\u00e1tico del Estado de Zacatecas"},"content":{"rendered":"<h4>Se trata de un trabajo realizado durante 8 meses, en coordinaci\u00f3n con la Embajada de Reino Unido en M\u00e9xico, organismos internacionales, diputados, la sociedad civil<\/h4>\n<p>Se encabez\u00f3 los trabajos de la Reuni\u00f3n de Cierre del Proceso para la Actualizaci\u00f3n de la Ley de Cambio Clim\u00e1tico para el Estado de Zacatecas<\/p>\n<p>Carlos Lozano, coordinador nacional de UK-PACT, reconoci\u00f3 el inter\u00e9s del Gobernador por atender la problem\u00e1tica<\/p>\n<p>Convencido de la necesidad de atender los retos ambientales locales y en consecuencia mundiales.<\/p>\n<p>Ademas que\u00a0el Gobernador David Monreal \u00c1vila anunci\u00f3 que presentar\u00e1 ante el Poder Legislativo estatal una iniciativa.<\/p>\n<p>La cual ser\u00e1\u00a0de reforma a la Ley de Cambio Clim\u00e1tico del Estado de Zacatecas.<\/p>\n<p>Con la finalidad de mejorar el marco regulatorio en beneficio del bienestar social.<\/p>\n<p>As\u00ed lo dio a conocer al encabezar los trabajos de la Reuni\u00f3n de Cierre del Proceso para la Actualizaci\u00f3n de la Ley de Cambio Clim\u00e1tico.<\/p>\n<p>Esto\u00a0para el Estado de Zacatecas y sus Municipios.<\/p>\n<p>Esto\u00a0en donde se le entreg\u00f3 una propuesta de iniciativa en la materia que fue trabajada durante ocho meses por el Gobierno de Zacatecas.<\/p>\n<p>As\u00ed como a\u00a0la Embajada de Reino Unido en M\u00e9xico, organismos internacionales, diputados y la sociedad civil.<\/p>\n<h4>Tras recibir la iniciativa de la Secretaria del Agua y Medio Ambiente, Susana Rodr\u00edguez M\u00e1rquez.<\/h4>\n<p>Con esto,\u00a0Monreal \u00c1vila dijo que el objetivo es que Zacatecas tenga una ley actualizada, moderna y eficaz.<\/p>\n<p>Ya que si bien la actual Ley de Cambio Clim\u00e1tico data de 2015.<\/p>\n<p>Ademas de\u00a0un gobierno progresista como el que encabeza est\u00e1 obligado a actuar y actualizar la norma a las necesidades.<\/p>\n<p>En ese sentido, agradeci\u00f3 a quienes participaron en su elaboraci\u00f3n, de manera particular.<\/p>\n<p>As\u00ed como\u00a0al organismo Pol\u00edtica y Legislaci\u00f3n Ambiental (Polea).<\/p>\n<p>Esto con apoyo y financiamiento del Programa UK Partnering for Accelerate Climate Transitions del Gobierno de Reino Unido (UK-PACT).<\/p>\n<p>Esto\u00a0representado en este pa\u00eds por Carlos Lozano Mart\u00ednez.<\/p>\n<p>Monreal \u00c1vila calific\u00f3 la iniciativa de progresista por lo que, de aprobarse por el Poder Legislativo.<\/p>\n<p>Ademas que\u00a0asegur\u00f3, Zacatecas reforzar\u00e1 su aportaci\u00f3n al pa\u00eds y al mundo para atender la problem\u00e1tica del cambio clim\u00e1tico.<\/p>\n<p>Esto mediante un mejor cuidado del agua y m\u00faltiples acciones.<\/p>\n<p>El Gobernador confi\u00f3 en que, una vez que la presente de manera formal.<\/p>\n<h4>Ademas que\u00a0la iniciativa tendr\u00e1 el acompa\u00f1amiento de todas las fuerzas pol\u00edticas y los distintos sectores porque es un trabajo emanado de especialistas.<\/h4>\n<p>Asimismo, ofreci\u00f3 su disposici\u00f3n para trabajar juntos y lograr que salga adelante.<\/p>\n<p>Por tanto, dijo a las y los diputados asistentes al encuentro que si ellos lo estiman conveniente, el Ejecutivo los acompa\u00f1ar\u00e1 en el proceso legislativo.<\/p>\n<p>Carlos Lozano, coordinador nacional de UK-PACT de la Embajada de Gran Breta\u00f1a en M\u00e9xico.<\/p>\n<p>El cual reconoci\u00f3 el inter\u00e9s del Gobernador David Monreal por atender la problem\u00e1tica del cambio clim\u00e1tico.<\/p>\n<p>Pues, dijo, Zacatecas particularmente ha colaborado de manera proactiva.<\/p>\n<p>Explic\u00f3 que el programa que lleva a cabo la Gran Breta\u00f1a en M\u00e9xico busca la cooperaci\u00f3n con otros pa\u00edses para disminuir las emisiones de gases.<\/p>\n<p>Los\u00a0que da\u00f1an al medio ambiente, entre otras acciones, de modo que se pronunci\u00f3 porque la iniciativa pronto se convierta en ley.<\/p>\n<p>A la presentaci\u00f3n del proyecto asistieron diputados locales y federales, presidentes y presidentas municipales, l\u00edderes de c\u00e1maras empresariales, entre otros.<\/p>\n","protected":false},"excerpt":{"rendered":"<p>Se trata de un trabajo realizado durante 8 meses, en coordinaci\u00f3n con la Embajada de Reino Unido en M\u00e9xico, organismos internacionales, diputados, la sociedad civil Se encabez\u00f3 los trabajos de la Reuni\u00f3n de Cierre del Proceso para la Actualizaci\u00f3n de la Ley de Cambio Clim\u00e1tico para el Estado de Zacatecas Carlos Lozano, coordinador nacional de [&hellip;]<\/p>\n","protected":false},"author":1,"featured_media":9302,"comment_status":"open","ping_status":"closed","sticky":false,"template":"","format":"standard","meta":{"footnotes":""},"categories":[7,9],"tags":[],"class_list":["post-9300","post","type-post","status-publish","format-standard","has-post-thumbnail","hentry","category-nacional","category-politica"],"_links":{"self":[{"href":"https:\/\/podernacional.com\/index.php?rest_route=\/wp\/v2\/posts\/9300","targetHints":{"allow":["GET"]}}],"collection":[{"href":"https:\/\/podernacional.com\/index.php?rest_route=\/wp\/v2\/posts"}],"about":[{"href":"https:\/\/podernacional.com\/index.php?rest_route=\/wp\/v2\/types\/post"}],"author":[{"embeddable":true,"href":"https:\/\/podernacional.com\/index.php?rest_route=\/wp\/v2\/users\/1"}],"replies":[{"embeddable":true,"href":"https:\/\/podernacional.com\/index.php?rest_route=%2Fwp%2Fv2%2Fcomments&post=9300"}],"version-history":[{"count":1,"href":"https:\/\/podernacional.com\/index.php?rest_route=\/wp\/v2\/posts\/9300\/revisions"}],"predecessor-version":[{"id":9301,"href":"https:\/\/podernacional.com\/index.php?rest_route=\/wp\/v2\/posts\/9300\/revisions\/9301"}],"wp:featuredmedia":[{"embeddable":true,"href":"https:\/\/podernacional.com\/index.php?rest_route=\/wp\/v2\/media\/9302"}],"wp:attachment":[{"href":"https:\/\/podernacional.com\/index.php?rest_route=%2Fwp%2Fv2%2Fmedia&parent=9300"}],"wp:term":[{"taxonomy":"category","embeddable":true,"href":"https:\/\/podernacional.com\/index.php?rest_route=%2Fwp%2Fv2%2Fcategories&post=9300"},{"taxonomy":"post_tag","embeddable":true,"href":"https:\/\/podernacional.com\/index.php?rest_route=%2Fwp%2Fv2%2Ftags&post=9300"}],"curies":[{"name":"wp","href":"https:\/\/api.w.org\/{rel}","templated":true}]}}