{"id":9303,"date":"2022-09-26T20:12:35","date_gmt":"2022-09-27T01:12:35","guid":{"rendered":"https:\/\/podernacional.com\/?p=9303"},"modified":"2022-09-27T01:12:36","modified_gmt":"2022-09-27T01:12:36","slug":"firma-gobierno-de-zacatecas-convenio-con-fedex-mipymes-tendran-descuentos-de-hasta-40-en-envios-nacionales-e-internacionales","status":"publish","type":"post","link":"https:\/\/podernacional.com\/?p=9303","title":{"rendered":"Firma Gobierno de Zacatecas convenio con FedEx; MiPymes tendr\u00e1n descuentos de hasta 40% en env\u00edos nacionales e internacionales"},"content":{"rendered":"<h4>El objetivo de este convenio es el mejoramiento de la productividad y competitividad de las MIPyME\u2019s, en el mercado global<\/h4>\n<p>Convenio con FedEx: Este portafolio incluye un porcentaje de descuentos de hasta el 40% en servicios como:<\/p>\n<p>FedEx International Priority y Economy y FedEx Nacional D\u00eda Siguiente y Nacional Econ\u00f3mico<\/p>\n<p>Tambi\u00e9n incluir\u00e1 mesas de negocios, diplomados y talleres para fortalecer el crecimiento de los negocios<\/p>\n<p>Con la intenci\u00f3n de beneficiar a las micro, peque\u00f1as y medianas empresas y crear condiciones para su fortalecimiento y consolidaci\u00f3n.<\/p>\n<p>As\u00ed como\u00a0el Gobierno de Zacatecas, encabezado por el mandatario David Monreal \u00c1vila, firm\u00f3 un convenio de colaboraci\u00f3n con la empresa Fedex Express M\u00e9xico.<\/p>\n<p>Este convenio integrar\u00e1 un portafolio de productos y servicios bajo la premisa de contribuir al mejoramiento de la productividad.<\/p>\n<p>As\u00ed como de competitividad de las MIPyME\u2019s, en el mercado global.<\/p>\n<p>El cual incluye un porcentaje de descuentos de hasta el 40 por ciento en servicios como:<\/p>\n<p>FedEx International Priority y Economy y FedEx Nacional D\u00eda Siguiente y Nacional Econ\u00f3mico.<\/p>\n<p>La presencia de la alta direcci\u00f3n de FedEx Express demuestra la confianza que tiene la industria privada en la nueva gobernanza.<\/p>\n<h4>Ademas que\u00a0en las acciones que est\u00e1 tomando para impulsar el desarrollo econ\u00f3mico del estado.<\/h4>\n<p>En este sentido, el Secretario de Econom\u00eda, Rodrigo Casta\u00f1eda Miranda.<\/p>\n<p>Con esto, mencion\u00f3 que la administraci\u00f3n que encabeza el Gobernador David Monreal est\u00e1 decidida a fortalecer a las micro, peque\u00f1as y medianas empresas.<\/p>\n<p>Esto\u00a0para transformar a Zacatecas en un Polo de Desarrollo.<\/p>\n<p>Inform\u00f3 que, bajo este convenio, Fedex tambi\u00e9n participar\u00e1 en mesas de negocios, diplomados, talleres.<\/p>\n<p>As\u00ed como de otros eventos que permitan a las empresas fortalecer su capacidad de crecimiento a trav\u00e9s de los productos y servicios que ofrecen.<\/p>\n<p>\u201cEl d\u00eda de hoy, Fedex se suma a nuestros aliados estrat\u00e9gicos para la transformaci\u00f3n del estado\u201d.<\/p>\n<p>\u201cPor ende, sabemos que el camino es largo, pero estoy convencido de que este convenio es un paso firme para acercar a Zacatecas al mundo\u201d.<\/p>\n<p>\u201cConsolidarnos como un Polo de Desarrollo para las micro, peque\u00f1as y medianas empresas\u201d.<\/p>\n<p>\u201cEn una tierra de bienestar y oportunidades para todas y todos\u201d, mencion\u00f3 el Secretario.<\/p>\n<p>El vice presidente de FedEx Express M\u00e9xico, Jorge Luis Torres Aguilar.<\/p>\n<p>Ademas inform\u00f3 que, con la firma de este convenio de colaboraci\u00f3n.<\/p>\n<p>As\u00ed como\u00a0la empresa con presencia en m\u00e1s de 220 pa\u00edses pone a disposici\u00f3n de las micro, peque\u00f1as y medianas empresas de Zacatecas.<\/p>\n<h4>Por ende, la\u00a0experiencia log\u00edstica de m\u00e1s de 40 a\u00f1os, as\u00ed como un portafolio de soluciones para alcanzar mercados internacionales.<\/h4>\n<p>\u201cNos da mucho gusto anunciar la firma de este convenio con el estado de Zacatecas\u201d.<\/p>\n<p>\u201cYa que permitir\u00e1 a los emprendedores zacatecanos ampliar su horizonte de negocios\u201d.<\/p>\n<p>\u201cEste tipo de alianzas son fundamentales para FedEx, ya que permiten apoyar e incentivar el esp\u00edritu emprendedor caracter\u00edstico de los mexicanos\u201d, puntualiz\u00f3.<\/p>\n<p>La Secretar\u00eda de Econom\u00eda se compromete a seguir con la visi\u00f3n del Gobernador David Monreal para que las micros, peque\u00f1as y medianas empresas.<\/p>\n<p>Menciona que\u00a0sean la columna vertebral del estado, ya que este sector a nivel nacional genera m\u00e1s del 72 por ciento de la fuerza laboral.<\/p>\n<p>Al igual que del 52 por ciento del PIB del pa\u00eds, de ah\u00ed la importancia de crear acciones que permitan su mejoramiento y consolidaci\u00f3n.<\/p>\n<p>La firma del convenio fue presenciada por funcionarios estatales, c\u00e1maras empresariales y emprendedoras.<\/p>\n","protected":false},"excerpt":{"rendered":"<p>El objetivo de este convenio es el mejoramiento de la productividad y competitividad de las MIPyME\u2019s, en el mercado global Convenio con FedEx: Este portafolio incluye un porcentaje de descuentos de hasta el 40% en servicios como: FedEx International Priority y Economy y FedEx Nacional D\u00eda Siguiente y Nacional Econ\u00f3mico Tambi\u00e9n incluir\u00e1 mesas de negocios, [&hellip;]<\/p>\n","protected":false},"author":1,"featured_media":9305,"comment_status":"open","ping_status":"closed","sticky":false,"template":"","format":"standard","meta":{"footnotes":""},"categories":[7,9],"tags":[],"class_list":["post-9303","post","type-post","status-publish","format-standard","has-post-thumbnail","hentry","category-nacional","category-politica"],"_links":{"self":[{"href":"https:\/\/podernacional.com\/index.php?rest_route=\/wp\/v2\/posts\/9303","targetHints":{"allow":["GET"]}}],"collection":[{"href":"https:\/\/podernacional.com\/index.php?rest_route=\/wp\/v2\/posts"}],"about":[{"href":"https:\/\/podernacional.com\/index.php?rest_route=\/wp\/v2\/types\/post"}],"author":[{"embeddable":true,"href":"https:\/\/podernacional.com\/index.php?rest_route=\/wp\/v2\/users\/1"}],"replies":[{"embeddable":true,"href":"https:\/\/podernacional.com\/index.php?rest_route=%2Fwp%2Fv2%2Fcomments&post=9303"}],"version-history":[{"count":1,"href":"https:\/\/podernacional.com\/index.php?rest_route=\/wp\/v2\/posts\/9303\/revisions"}],"predecessor-version":[{"id":9304,"href":"https:\/\/podernacional.com\/index.php?rest_route=\/wp\/v2\/posts\/9303\/revisions\/9304"}],"wp:featuredmedia":[{"embeddable":true,"href":"https:\/\/podernacional.com\/index.php?rest_route=\/wp\/v2\/media\/9305"}],"wp:attachment":[{"href":"https:\/\/podernacional.com\/index.php?rest_route=%2Fwp%2Fv2%2Fmedia&parent=9303"}],"wp:term":[{"taxonomy":"category","embeddable":true,"href":"https:\/\/podernacional.com\/index.php?rest_route=%2Fwp%2Fv2%2Fcategories&post=9303"},{"taxonomy":"post_tag","embeddable":true,"href":"https:\/\/podernacional.com\/index.php?rest_route=%2Fwp%2Fv2%2Ftags&post=9303"}],"curies":[{"name":"wp","href":"https:\/\/api.w.org\/{rel}","templated":true}]}}