{"id":9306,"date":"2022-09-26T20:21:46","date_gmt":"2022-09-27T01:21:46","guid":{"rendered":"https:\/\/podernacional.com\/?p=9306"},"modified":"2022-09-27T01:21:47","modified_gmt":"2022-09-27T01:21:47","slug":"huracan-ian-se-intensifica-a-categoria-2-cerca-de-las-costas-de-quintana-roo","status":"publish","type":"post","link":"https:\/\/podernacional.com\/?p=9306","title":{"rendered":"Hurac\u00e1n \u00abIan\u00bb se intensifica a categor\u00eda 2 cerca de las costas de Quintana Roo"},"content":{"rendered":"<h4>De acuerdo a Conagua, el fen\u00f3meno natural mantiene vientos m\u00e1ximos sostenidos de 155 km\/h y rachas de 195 km\/h<\/h4>\n<p>Hurac\u00e1n \u00abIan\u00bb se intensifica a categor\u00eda 2; se ubica cerca de las costas de Cuba y Cozumel, Q. Roo<\/p>\n<p>Por ende hay Imagenes satelitales\u00a0tomadas\u00a0de Conagua<\/p>\n<p>Esta tarde el hurac\u00e1n \u00abIan\u00bb se intensific\u00f3 a categor\u00eda 2, de acuerdo a Conagua.<\/p>\n<p>Por ende,\u00a0el fen\u00f3meno natural mantiene vientos m\u00e1ximos sostenidos de 155 km\/h y rachas de 195 km\/h.<\/p>\n<p>Indic\u00f3, adem\u00e1s, que se encuentra ubicado a 250 km al sureste de la costa occidental de Cuba.<\/p>\n<p>As\u00ed como\u00a0a 380 km al este de Cozumel, Quintana Roo.<\/p>\n<p>Esta tarde, el #Hurac\u00e1n #Ian se intensific\u00f3 a categor\u00eda 2 en la escala #SaffirSimpson, con #Vientos m\u00e1ximos sostenidos de 155 km\/h.<\/p>\n<p>As\u00ed como de\u00a0#Rachas de 195 km\/h.<\/p>\n<h4>Se ubic\u00f3 a 250 km al sureste de la costa occidental de #Cuba, y a 380 km al este de Cozumel, #QuintanaRoo.<\/h4>\n<p>Esto menciono en su cuenta de twitter\u2014 CONAGUA Clima (@conagua_clima) September 26, 2022<\/p>\n<p>El organismo indic\u00f3 que \u00abIan\u00bb mantiene su trayectoria hacia el occidente de Cuba.<\/p>\n<p>Por lo que sus bandas nubosas ocasionar\u00e1n lluvias fuertes a puntuales muy fuertes, oleaje elevado y vientos fuertes en la Pen\u00ednsula de Yucat\u00e1n.<\/p>\n<p>Adem\u00e1s, se pronostican rachas de viento de 60 a 70 km\/h y oleaje de 2 a 4 metros de altura.<\/p>\n<p>Ademas que sobre costas de Quintana Roo y Yucat\u00e1n.<\/p>\n<p>El Servicio Meteorol\u00f3gico Nacional, exhort\u00f3 a la poblaci\u00f3n a extremar precauciones en general.<\/p>\n<p>As\u00ed como de\u00a0atender las recomendaciones emitidas por las autoridades del Sistema Nacional de Protecci\u00f3n Civil, en cada entidad.<\/p>\n<p>Se prev\u00e9 que durante la madrugada del martes se intensifique a categor\u00eda 3 y por la tarde.<\/p>\n<p>Esto\u00a0cerca de las 13:00 horas, sea categor\u00eda 4 al noreste de Quintana Roo.<\/p>\n<p>Por ende, Hurac\u00e1n \u00abIan\u00bb se intensifica a categor\u00eda 2 cerca de las costas de Quintana Roo<\/p>\n","protected":false},"excerpt":{"rendered":"<p>De acuerdo a Conagua, el fen\u00f3meno natural mantiene vientos m\u00e1ximos sostenidos de 155 km\/h y rachas de 195 km\/h Hurac\u00e1n \u00abIan\u00bb se intensifica a categor\u00eda 2; se ubica cerca de las costas de Cuba y Cozumel, Q. Roo Por ende hay Imagenes satelitales\u00a0tomadas\u00a0de Conagua Esta tarde el hurac\u00e1n \u00abIan\u00bb se intensific\u00f3 a categor\u00eda 2, de [&hellip;]<\/p>\n","protected":false},"author":1,"featured_media":9308,"comment_status":"open","ping_status":"closed","sticky":false,"template":"","format":"standard","meta":{"footnotes":""},"categories":[6,10],"tags":[],"class_list":["post-9306","post","type-post","status-publish","format-standard","has-post-thumbnail","hentry","category-local","category-quintana-roo"],"_links":{"self":[{"href":"https:\/\/podernacional.com\/index.php?rest_route=\/wp\/v2\/posts\/9306","targetHints":{"allow":["GET"]}}],"collection":[{"href":"https:\/\/podernacional.com\/index.php?rest_route=\/wp\/v2\/posts"}],"about":[{"href":"https:\/\/podernacional.com\/index.php?rest_route=\/wp\/v2\/types\/post"}],"author":[{"embeddable":true,"href":"https:\/\/podernacional.com\/index.php?rest_route=\/wp\/v2\/users\/1"}],"replies":[{"embeddable":true,"href":"https:\/\/podernacional.com\/index.php?rest_route=%2Fwp%2Fv2%2Fcomments&post=9306"}],"version-history":[{"count":1,"href":"https:\/\/podernacional.com\/index.php?rest_route=\/wp\/v2\/posts\/9306\/revisions"}],"predecessor-version":[{"id":9307,"href":"https:\/\/podernacional.com\/index.php?rest_route=\/wp\/v2\/posts\/9306\/revisions\/9307"}],"wp:featuredmedia":[{"embeddable":true,"href":"https:\/\/podernacional.com\/index.php?rest_route=\/wp\/v2\/media\/9308"}],"wp:attachment":[{"href":"https:\/\/podernacional.com\/index.php?rest_route=%2Fwp%2Fv2%2Fmedia&parent=9306"}],"wp:term":[{"taxonomy":"category","embeddable":true,"href":"https:\/\/podernacional.com\/index.php?rest_route=%2Fwp%2Fv2%2Fcategories&post=9306"},{"taxonomy":"post_tag","embeddable":true,"href":"https:\/\/podernacional.com\/index.php?rest_route=%2Fwp%2Fv2%2Ftags&post=9306"}],"curies":[{"name":"wp","href":"https:\/\/api.w.org\/{rel}","templated":true}]}}