{"id":9315,"date":"2022-09-27T16:39:53","date_gmt":"2022-09-27T21:39:53","guid":{"rendered":"https:\/\/podernacional.com\/?p=9315"},"modified":"2022-09-27T21:39:54","modified_gmt":"2022-09-27T21:39:54","slug":"el-cierre-del-vi-festival-internacional-de-clarinete-andino-patagonico-se-realizara-la-angostura","status":"publish","type":"post","link":"https:\/\/podernacional.com\/?p=9315","title":{"rendered":"El cierre del \u201cVI Festival Internacional de Clarinete Andino Patag\u00f3nico\u201d se realizar\u00e1 La Angostura"},"content":{"rendered":"<h4>Villa La Angostura y su Orquesta Escuela Municipal, dependiente de la Subsecretar\u00eda de Cultura municipal.<\/h4>\n<p>VI Festival Internacional de Clarinete Andino Patag\u00f3nico: Ademas que fueron elegidas para el cierre del \u201cVI Festival Internacional de Clarinete Andino Patag\u00f3nico\u201d.<\/p>\n<p>Por ende,\u00a0se realizar\u00e1 desde el 28 de septiembre al 1 de octubre.<\/p>\n<p>Este concierto ser\u00e1 el s\u00e1bado 1 de octubre a las 19 hs en el Centro de:<\/p>\n<p>Convenciones y tendr\u00e1 como invitados a la Orquesta Escuela Municipal de Villa La Angostura.<\/p>\n<p>Al igual, al Ensamble Sinf\u00f3nico de la Escuela Superior de M\u00fasica de San Mart\u00edn de los Andes.<\/p>\n<p>Mencionan quienes tocar\u00e1n junto a los maestros internacionales y al Coro de Clarinetes del Festival.<\/p>\n<p>El Festival Internacional de Clarinetes es un espacio de formaci\u00f3n para docentes.<\/p>\n<p>As\u00ed como de\u00a0alumnos que durante 4 d\u00edas concurrir\u00e1n a masterclasses, ensambles de c\u00e1mara y sinf\u00f3nicos dictados.<\/p>\n<p>Al igual que estar dirigidos por importantes maestros y solistas del pa\u00eds pa\u00eds y de Chile:<\/p>\n<p>David Medina, clarinete solista de la Orquesta Sinf\u00f3nica Nacional de Chile.<\/p>\n<h4>Ademas de\u00a0Benjam\u00edn Vilte, clarinete solista de la Orquesta Sinf\u00f3nica de Santa Fe.<\/h4>\n<p>As\u00ed como de Sof\u00eda Kujta, docente del conservatorio \u201cAstor Piazzolla\u201d e integrante de la Orquesta Sinf\u00f3nica Nacional de Argentina.<\/p>\n<p>Tambi\u00e9n\u00a0Sebasti\u00e1n Tozzola, clarinete bajo de la Orquesta Filarm\u00f3nica del Teatro Col\u00f3n.<\/p>\n<p>Ademas de Edgardo Palotta, profesor de Orquestaci\u00f3n en la Universidad Nacional de Quilmes, director de la Orquesta y Coro de la localidad de Berazategui.<\/p>\n<p>El cual es, director y arreglador del Coro de Clarinetes del VI Festival Andino Patag\u00f3nico.<\/p>\n<p>El Festival cuenta con el auspicio y acompa\u00f1amiento de las siguientes marcas e instituciones:<\/p>\n<p>Buffet Crampon- Legislatura del Neuqu\u00e9n- Escuela Superior de M\u00fasica de San Mart\u00edn de los Andes- ATEN.<\/p>\n<p>Al igual que de\u00a0MUTEN SMAndes- Espacio \u201cTrama\u201d de SMAndes-<\/p>\n<p>Centro Cultural COTESMA de SMAndes- Centro de Convenciones de Villa La Angostura- Secretar\u00eda de Turismo de Villa la Angostura-<\/p>\n<p>Secretar\u00eda de Cultura de SM Andes y Subsecretar\u00eda de VLA \u2013 Concejo Deliberante de SMAndes y VLA.<\/p>\n<p>Las actividades son libres y gratuitas y abiertas a todo p\u00fablico. Para clarinetistas interesados en inscribirse est\u00e1 este link:<\/p>\n<p>https:\/\/forms.gle\/TNfnGceyf5hoz6RM9<\/p>\n","protected":false},"excerpt":{"rendered":"<p>Villa La Angostura y su Orquesta Escuela Municipal, dependiente de la Subsecretar\u00eda de Cultura municipal. VI Festival Internacional de Clarinete Andino Patag\u00f3nico: Ademas que fueron elegidas para el cierre del \u201cVI Festival Internacional de Clarinete Andino Patag\u00f3nico\u201d. Por ende,\u00a0se realizar\u00e1 desde el 28 de septiembre al 1 de octubre. Este concierto ser\u00e1 el s\u00e1bado 1 [&hellip;]<\/p>\n","protected":false},"author":1,"featured_media":9317,"comment_status":"open","ping_status":"closed","sticky":false,"template":"","format":"standard","meta":{"footnotes":""},"categories":[2,4],"tags":[],"class_list":["post-9315","post","type-post","status-publish","format-standard","has-post-thumbnail","hentry","category-cultural","category-espectaculos"],"_links":{"self":[{"href":"https:\/\/podernacional.com\/index.php?rest_route=\/wp\/v2\/posts\/9315","targetHints":{"allow":["GET"]}}],"collection":[{"href":"https:\/\/podernacional.com\/index.php?rest_route=\/wp\/v2\/posts"}],"about":[{"href":"https:\/\/podernacional.com\/index.php?rest_route=\/wp\/v2\/types\/post"}],"author":[{"embeddable":true,"href":"https:\/\/podernacional.com\/index.php?rest_route=\/wp\/v2\/users\/1"}],"replies":[{"embeddable":true,"href":"https:\/\/podernacional.com\/index.php?rest_route=%2Fwp%2Fv2%2Fcomments&post=9315"}],"version-history":[{"count":1,"href":"https:\/\/podernacional.com\/index.php?rest_route=\/wp\/v2\/posts\/9315\/revisions"}],"predecessor-version":[{"id":9316,"href":"https:\/\/podernacional.com\/index.php?rest_route=\/wp\/v2\/posts\/9315\/revisions\/9316"}],"wp:featuredmedia":[{"embeddable":true,"href":"https:\/\/podernacional.com\/index.php?rest_route=\/wp\/v2\/media\/9317"}],"wp:attachment":[{"href":"https:\/\/podernacional.com\/index.php?rest_route=%2Fwp%2Fv2%2Fmedia&parent=9315"}],"wp:term":[{"taxonomy":"category","embeddable":true,"href":"https:\/\/podernacional.com\/index.php?rest_route=%2Fwp%2Fv2%2Fcategories&post=9315"},{"taxonomy":"post_tag","embeddable":true,"href":"https:\/\/podernacional.com\/index.php?rest_route=%2Fwp%2Fv2%2Ftags&post=9315"}],"curies":[{"name":"wp","href":"https:\/\/api.w.org\/{rel}","templated":true}]}}