{"id":9330,"date":"2022-09-27T18:47:45","date_gmt":"2022-09-27T23:47:45","guid":{"rendered":"https:\/\/podernacional.com\/?p=9330"},"modified":"2022-09-27T23:47:46","modified_gmt":"2022-09-27T23:47:46","slug":"pormenores-de-la-inciativa-de-reforma-a-la-ley-de-cambio-climatico-de-zacatecas","status":"publish","type":"post","link":"https:\/\/podernacional.com\/?p=9330","title":{"rendered":"Pormenores de la inciativa de reforma a la Ley de Cambio Clim\u00e1tico de Zacatecas"},"content":{"rendered":"<h4>Susana Rodr\u00edguez M\u00e1rquez, titular de la Secretar\u00eda del Agua y Medio Ambiente.<\/h4>\n<p>Inciativa de reforma: Por ende se afirm\u00f3 que la propuesta de ley es un producto serio, profesional y de alto nivel.<\/p>\n<p>Zacatecas se adapta a las necesidades del presente.<\/p>\n<p>El cual est\u00e1, emprendiendo acciones efectivas para hacer frente a los retos ambientales locales y mundiales.<\/p>\n<p>El gobernador, David Monreal \u00c1vila, anunci\u00f3 que presentar\u00e1 ante el Poder Legislativo.<\/p>\n<p>El cual es\u00a0una iniciativa de reforma a la Ley de Cambio Clim\u00e1tico de Zacatecas, con el objetivo de mejorar el marco regulatorio.<\/p>\n<p>El suceso ocurri\u00f3 en el marco de la Reuni\u00f3n de Cierre del Proceso para la Actualizaci\u00f3n de la Ley de Cambio Clim\u00e1tico.<\/p>\n<p>Dicho\u00a0para el Estado de Zacatecas y sus Municipios, donde se entreg\u00f3 la propuesta de iniciativa en la materia.<\/p>\n<p>Ademas, la cual se trabaj\u00f3 durante ocho meses por las autoridades, la Embajada de Reino Unido en M\u00e9xico, organismos internacionales y otras instancias.<\/p>\n<h4>Susana Rodr\u00edguez M\u00e1rquez, titular de la Secretar\u00eda del Agua y Medio Ambiente.<\/h4>\n<p>Con esto\u00a0explic\u00f3 que Zacatecas marcha seguro hacia una ley actualizada, moderna y eficaz, respaldada por ideas progresistas y visiones concretas.<\/p>\n<p>Aprovech\u00f3 el espacio para agradecer la colaboraci\u00f3n de los involucrados, en especial a Pol\u00edtica y Legislaci\u00f3n Ambiental (Polea).<\/p>\n<p>Esto\u00a0con apoyo y financiamiento del Programa UK Partnering for Accelerate Climate Transitions del Gobierno de Reino Unido (UK-PACT).<\/p>\n<p>Por su parte, Carlos Lozano, coordinador nacional de UK-PACT de la Embajada de Gran Breta\u00f1a en M\u00e9xico.<\/p>\n<p>El cual\u00a0destac\u00f3 el inter\u00e9s del \u00a0estado por hacer frente a la problem\u00e1tica del cambio clim\u00e1tico.<\/p>\n<p>Pues la colaboraci\u00f3n se ha realizado de manera proactiva (Inciativa de reforma).<\/p>\n<p>Mencion\u00f3 que el programa busca la cooperaci\u00f3n de otros pa\u00edses para aminorar las emisiones de gases que afectan al medio ambiente.<\/p>\n<p>Durante el evento, Rodr\u00edguez M\u00e1rquez afirm\u00f3 que la propuesta de ley es un \u201cproducto serio, profesional y de alto nivel\u201d.<\/p>\n<p>Los diputados, locales y federales, presidentes y presidentas municipales, as\u00ed como l\u00edderes de c\u00e1maras empresariales, manifestaron sus opiniones al respecto.<\/p>\n","protected":false},"excerpt":{"rendered":"<p>Susana Rodr\u00edguez M\u00e1rquez, titular de la Secretar\u00eda del Agua y Medio Ambiente. Inciativa de reforma: Por ende se afirm\u00f3 que la propuesta de ley es un producto serio, profesional y de alto nivel. Zacatecas se adapta a las necesidades del presente. El cual est\u00e1, emprendiendo acciones efectivas para hacer frente a los retos ambientales locales [&hellip;]<\/p>\n","protected":false},"author":1,"featured_media":9332,"comment_status":"open","ping_status":"closed","sticky":false,"template":"","format":"standard","meta":{"footnotes":""},"categories":[7,9],"tags":[],"class_list":["post-9330","post","type-post","status-publish","format-standard","has-post-thumbnail","hentry","category-nacional","category-politica"],"_links":{"self":[{"href":"https:\/\/podernacional.com\/index.php?rest_route=\/wp\/v2\/posts\/9330","targetHints":{"allow":["GET"]}}],"collection":[{"href":"https:\/\/podernacional.com\/index.php?rest_route=\/wp\/v2\/posts"}],"about":[{"href":"https:\/\/podernacional.com\/index.php?rest_route=\/wp\/v2\/types\/post"}],"author":[{"embeddable":true,"href":"https:\/\/podernacional.com\/index.php?rest_route=\/wp\/v2\/users\/1"}],"replies":[{"embeddable":true,"href":"https:\/\/podernacional.com\/index.php?rest_route=%2Fwp%2Fv2%2Fcomments&post=9330"}],"version-history":[{"count":1,"href":"https:\/\/podernacional.com\/index.php?rest_route=\/wp\/v2\/posts\/9330\/revisions"}],"predecessor-version":[{"id":9331,"href":"https:\/\/podernacional.com\/index.php?rest_route=\/wp\/v2\/posts\/9330\/revisions\/9331"}],"wp:featuredmedia":[{"embeddable":true,"href":"https:\/\/podernacional.com\/index.php?rest_route=\/wp\/v2\/media\/9332"}],"wp:attachment":[{"href":"https:\/\/podernacional.com\/index.php?rest_route=%2Fwp%2Fv2%2Fmedia&parent=9330"}],"wp:term":[{"taxonomy":"category","embeddable":true,"href":"https:\/\/podernacional.com\/index.php?rest_route=%2Fwp%2Fv2%2Fcategories&post=9330"},{"taxonomy":"post_tag","embeddable":true,"href":"https:\/\/podernacional.com\/index.php?rest_route=%2Fwp%2Fv2%2Ftags&post=9330"}],"curies":[{"name":"wp","href":"https:\/\/api.w.org\/{rel}","templated":true}]}}