{"id":9339,"date":"2022-09-27T19:25:35","date_gmt":"2022-09-28T00:25:35","guid":{"rendered":"https:\/\/podernacional.com\/?p=9339"},"modified":"2022-09-28T00:25:37","modified_gmt":"2022-09-28T00:25:37","slug":"la-salud-mental-el-mayor-problema-de-salud-al-que-se-enfrenta-la-poblacion-espanola","status":"publish","type":"post","link":"https:\/\/podernacional.com\/?p=9339","title":{"rendered":"La salud mental, el mayor problema de salud al que se enfrenta la poblaci\u00f3n espa\u00f1ola"},"content":{"rendered":"<h4>Sin embargo, la mitad de los encuestados en 34 pa\u00edses describen la calidad del servicio de salud de su pa\u00eds como buena.<\/h4>\n<p>La salud mental: La pandemia que comenz\u00f3 a principios de 2020 ha supuesto un gran impacto en la salud de las personas a nivel mundial.<\/p>\n<p>Ademas que\u00a0no solo a nivel f\u00edsico.<\/p>\n<p>Sino que tambi\u00e9n ha sido un factor que ha potenciado los problemas de salud mental a nivel global en general y en Espa\u00f1a en particular.<\/p>\n<p>As\u00ed lo refleja el Global Health Service Monitor 2022 elaborado por Ipsos en 34 pa\u00edses entre el 22.<\/p>\n<p>Esto,\u00a0de julio y el 5 de agosto de 2022.<\/p>\n<p>Ademas\u00a0que indica que la salud mental es el mayor problema de salud al que se enfrenta la poblaci\u00f3n espa\u00f1ola.<\/p>\n<p>Ademas situ\u00e1ndose as\u00ed en el top 5 del ranking global de los pa\u00edses m\u00e1s preocupados por este tema, junto con Suecia, Irlanda y Portugal.<\/p>\n<h4>Datos relevantes:<\/h4>\n<p>La salud mental pasa a ocupar el puesto n\u00famero uno cuando se habla del mayor problema de salud a los que se enfrentan las personas en Espa\u00f1a.<\/p>\n<p>16 puntos m\u00e1s respecto al a\u00f1o pasado. Seguida por el c\u00e1ncer (49%) y relegando al covid a la tercera posici\u00f3n (45%).<\/p>\n<p>A nivel global, de media, el Covid sigue siendo la enfermedad que m\u00e1s preocupa, seguida de la salud mental y el c\u00e1ncer.<\/p>\n<p>Solo 1 de cada 2 personas en Espa\u00f1a considera que la calidad recibida por el sistema de salud en nuestro pa\u00eds es buena.<\/p>\n<p>Ademas de\u00a010 puntos menos que en 2021.<\/p>\n<p>Adem\u00e1s, las perspectivas de que esto mejore no son muy esperanzadoras, solo el 29% piensa que esto mejorar\u00e1.<\/p>\n<p>El cual es\u00a0una cifra que va en descenso en los \u00faltimos a\u00f1os.<\/p>\n<h4>Preocupaci\u00f3n por la salud<\/h4>\n<p>Observamos que la preocupaci\u00f3n por la salud mental ha aumentado en 16 puntos respecto al a\u00f1o pasado.<\/p>\n<p>Esto, preocupando as\u00ed a la mitad de las personas en Espa\u00f1a (51%).<\/p>\n<p>En segundo lugar, y con un porcentaje muy parecido, encontramos el c\u00e1ncer (49%).<\/p>\n<p>Lugar\u00a0donde Espa\u00f1a se sit\u00faa nuevamente entre los pa\u00edses a nivel mundial m\u00e1s preocupados por esta enfermedad, por detr\u00e1s de Portugal, B\u00e9lgica e Italia.<\/p>\n<p>En tercer lugar est\u00e1 el covid (45%), que desciende dr\u00e1sticamente respecto a 2021 (29 puntos menos).<\/p>\n<p>Completan el top cinco, el estr\u00e9s (28%), que tambi\u00e9n aumenta de forma destacada respecto al a\u00f1o pasado.<\/p>\n<p>Ademas con un incremento de 9 puntos, y la obesidad (23%).<\/p>\n<p>Estos datos reflejan claramente el impacto del Covid en la salud mental.<\/p>\n<h4>En 2018 la preocupaci\u00f3n por la salud mental era importante solo para un 23% de las personas en Espa\u00f1a.<\/h4>\n<p>As\u00ed como\u00a0cuatro a\u00f1os despu\u00e9s, esa cifra se ha duplicado.<\/p>\n<p>Mientras que el covid por su parte, una vez que la incidencia ha sido controlada y la normalidad ha vuelto a nuestros d\u00edas.<\/p>\n<p>Ademas que ha sido relegado a la tercera posici\u00f3n, con un descenso de 29 puntos respecto al a\u00f1o pasado.<\/p>\n<p>Lugar\u00a0donde encabezaba la lista de preocupaciones sanitarias al igual que en 2020.<\/p>\n<p>A nivel global, a pesar de una bajada significativa de veintitr\u00e9s puntos.<\/p>\n<p>Ademas que\u00a0la Covid sigue siendo la principal preocupaci\u00f3n para el 47% de las personas, de media.<\/p>\n<p>En segundo lugar se encuentra la salud mental (36%), con una subida de cinco puntos respecto al a\u00f1o pasado.<\/p>\n<p>Por su parte, la preocupaci\u00f3n media en torno al c\u00e1ncer se mantiene estable (34%) respecto a 2021.<\/p>\n<p>El estr\u00e9s (26%) se sit\u00faa como la cuarta preocupaci\u00f3n sanitaria mundial y la obesidad (22%) completa el top cinco.<\/p>\n","protected":false},"excerpt":{"rendered":"<p>Sin embargo, la mitad de los encuestados en 34 pa\u00edses describen la calidad del servicio de salud de su pa\u00eds como buena. La salud mental: La pandemia que comenz\u00f3 a principios de 2020 ha supuesto un gran impacto en la salud de las personas a nivel mundial. Ademas que\u00a0no solo a nivel f\u00edsico. Sino que [&hellip;]<\/p>\n","protected":false},"author":1,"featured_media":9341,"comment_status":"open","ping_status":"closed","sticky":false,"template":"","format":"standard","meta":{"footnotes":""},"categories":[5,11],"tags":[],"class_list":["post-9339","post","type-post","status-publish","format-standard","has-post-thumbnail","hentry","category-internacional","category-salud"],"_links":{"self":[{"href":"https:\/\/podernacional.com\/index.php?rest_route=\/wp\/v2\/posts\/9339","targetHints":{"allow":["GET"]}}],"collection":[{"href":"https:\/\/podernacional.com\/index.php?rest_route=\/wp\/v2\/posts"}],"about":[{"href":"https:\/\/podernacional.com\/index.php?rest_route=\/wp\/v2\/types\/post"}],"author":[{"embeddable":true,"href":"https:\/\/podernacional.com\/index.php?rest_route=\/wp\/v2\/users\/1"}],"replies":[{"embeddable":true,"href":"https:\/\/podernacional.com\/index.php?rest_route=%2Fwp%2Fv2%2Fcomments&post=9339"}],"version-history":[{"count":1,"href":"https:\/\/podernacional.com\/index.php?rest_route=\/wp\/v2\/posts\/9339\/revisions"}],"predecessor-version":[{"id":9340,"href":"https:\/\/podernacional.com\/index.php?rest_route=\/wp\/v2\/posts\/9339\/revisions\/9340"}],"wp:featuredmedia":[{"embeddable":true,"href":"https:\/\/podernacional.com\/index.php?rest_route=\/wp\/v2\/media\/9341"}],"wp:attachment":[{"href":"https:\/\/podernacional.com\/index.php?rest_route=%2Fwp%2Fv2%2Fmedia&parent=9339"}],"wp:term":[{"taxonomy":"category","embeddable":true,"href":"https:\/\/podernacional.com\/index.php?rest_route=%2Fwp%2Fv2%2Fcategories&post=9339"},{"taxonomy":"post_tag","embeddable":true,"href":"https:\/\/podernacional.com\/index.php?rest_route=%2Fwp%2Fv2%2Ftags&post=9339"}],"curies":[{"name":"wp","href":"https:\/\/api.w.org\/{rel}","templated":true}]}}