{"id":9354,"date":"2022-09-28T16:36:41","date_gmt":"2022-09-28T21:36:41","guid":{"rendered":"https:\/\/podernacional.com\/?p=9354"},"modified":"2022-09-28T21:36:43","modified_gmt":"2022-09-28T21:36:43","slug":"alejandra-guzman-cae-en-el-escenario-y-suspende-su-espectaculo-en-washington","status":"publish","type":"post","link":"https:\/\/podernacional.com\/?p=9354","title":{"rendered":"Alejandra Guzm\u00e1n cae en el escenario y suspende su espect\u00e1culo en Washington"},"content":{"rendered":"<h4>La cantante mexicana Alejandra Guzm\u00e1n posa para fotos hoy.<\/h4>\n<p><a href=\"https:\/\/www.instagram.com\/laguzmanmx\/?hl=es\">Alejandra Guzm\u00e1n<\/a>: Ademas que en la alfombra roja de la 35 edici\u00f3n de la entrega de premios de la Herencia Hispana en Estados Unidos, en Washington (EE.UU.).<\/p>\n<p>La cantante mexicana Alejandra Guzm\u00e1n se cay\u00f3 este martes durante su actuaci\u00f3n en la gala de la Herencia Hispana de Estados Unidos.<\/p>\n<p>El cual fue\u00a0celebrada en el Centro Kennedy de Washington, por lo que se cancel\u00f3 el evento, del que fue evacuada en ambulancia.<\/p>\n<p>Guzm\u00e1n estaba interpretando la canci\u00f3n \u201cMala Hierba\u201d cuando perdi\u00f3 el equilibrio, se cay\u00f3 hacia atr\u00e1s y qued\u00f3 estirada en el escenario.<\/p>\n<p>Acto seguido, varios asistentes subieron al lugar para socorrerla y tras unos minutos.<\/p>\n<p>As\u00ed como\u00a0anunciaron el fin del evento sin que la artista llegara a ponerse en pie.<\/p>\n<p>Minutos despu\u00e9s, una ambulancia con la cantante sali\u00f3 del Kennedy Center.<\/p>\n<h4>La mexicana, invitada como gran estrella de la noche, solo lleg\u00f3 a interpretar entera la canci\u00f3n \u201cM\u00edrala, m\u00edralo\u201d.<\/h4>\n<p>Cuando cay\u00f3, estaba cantando el segundo tema de la noche.<\/p>\n<p>Antes del evento, durante la alfombra roja, la cantante de rock and roll hab\u00eda explicado.<\/p>\n<p>Ademas\u00a0que tras tantos a\u00f1os de carrera musical est\u00e1 \u201cvolviendo a so\u00f1ar\u201d.<\/p>\n<p>Con esto,\u00a0ha decidido retomar las clases de canto para dar lo mejor de s\u00ed misma a sus seguidores.<\/p>\n<p>\u201cYo creo que estoy volviendo a so\u00f1ar, a alcanzar mis sue\u00f1os y a seguir adelante con mi carrera\u201d.<\/p>\n<p>Esto lo dijo la hija de la actriz Silvia Pinal.<\/p>\n<p>La int\u00e9rprete de \u201cEternamente bella\u201d y \u201cHacer el amor con otro\u201d, dijo estar \u201cmuy feliz\u201d de poder cantar en \u201cun lugar tan bonito y hermoso\u201d.<\/p>\n<p>Por ende, Alejandra Guzm\u00e1n cae en el escenario y suspende su espect\u00e1culo en Washington<\/p>\n<p>&nbsp;<\/p>\n","protected":false},"excerpt":{"rendered":"<p>La cantante mexicana Alejandra Guzm\u00e1n posa para fotos hoy. Alejandra Guzm\u00e1n: Ademas que en la alfombra roja de la 35 edici\u00f3n de la entrega de premios de la Herencia Hispana en Estados Unidos, en Washington (EE.UU.). La cantante mexicana Alejandra Guzm\u00e1n se cay\u00f3 este martes durante su actuaci\u00f3n en la gala de la Herencia Hispana [&hellip;]<\/p>\n","protected":false},"author":1,"featured_media":9356,"comment_status":"open","ping_status":"closed","sticky":false,"template":"","format":"standard","meta":{"footnotes":""},"categories":[4,5],"tags":[],"class_list":["post-9354","post","type-post","status-publish","format-standard","has-post-thumbnail","hentry","category-espectaculos","category-internacional"],"_links":{"self":[{"href":"https:\/\/podernacional.com\/index.php?rest_route=\/wp\/v2\/posts\/9354","targetHints":{"allow":["GET"]}}],"collection":[{"href":"https:\/\/podernacional.com\/index.php?rest_route=\/wp\/v2\/posts"}],"about":[{"href":"https:\/\/podernacional.com\/index.php?rest_route=\/wp\/v2\/types\/post"}],"author":[{"embeddable":true,"href":"https:\/\/podernacional.com\/index.php?rest_route=\/wp\/v2\/users\/1"}],"replies":[{"embeddable":true,"href":"https:\/\/podernacional.com\/index.php?rest_route=%2Fwp%2Fv2%2Fcomments&post=9354"}],"version-history":[{"count":1,"href":"https:\/\/podernacional.com\/index.php?rest_route=\/wp\/v2\/posts\/9354\/revisions"}],"predecessor-version":[{"id":9355,"href":"https:\/\/podernacional.com\/index.php?rest_route=\/wp\/v2\/posts\/9354\/revisions\/9355"}],"wp:featuredmedia":[{"embeddable":true,"href":"https:\/\/podernacional.com\/index.php?rest_route=\/wp\/v2\/media\/9356"}],"wp:attachment":[{"href":"https:\/\/podernacional.com\/index.php?rest_route=%2Fwp%2Fv2%2Fmedia&parent=9354"}],"wp:term":[{"taxonomy":"category","embeddable":true,"href":"https:\/\/podernacional.com\/index.php?rest_route=%2Fwp%2Fv2%2Fcategories&post=9354"},{"taxonomy":"post_tag","embeddable":true,"href":"https:\/\/podernacional.com\/index.php?rest_route=%2Fwp%2Fv2%2Ftags&post=9354"}],"curies":[{"name":"wp","href":"https:\/\/api.w.org\/{rel}","templated":true}]}}