{"id":9357,"date":"2022-09-28T17:16:40","date_gmt":"2022-09-28T22:16:40","guid":{"rendered":"https:\/\/podernacional.com\/?p=9357"},"modified":"2022-09-28T22:16:42","modified_gmt":"2022-09-28T22:16:42","slug":"cuando-y-por-que-se-celebra-el-dia-internacional-del-cafe-esto-es-todo-lo-que-debes-saber","status":"publish","type":"post","link":"https:\/\/podernacional.com\/?p=9357","title":{"rendered":"\u00bfCu\u00e1ndo y por qu\u00e9 se celebra el D\u00eda Internacional del Caf\u00e9?, esto es todo lo que debes saber"},"content":{"rendered":"<h4>El caf\u00e9 es una de las bebidas universales y esto es por lo que se consagr\u00f3 con su propio de de celebraci\u00f3n<\/h4>\n<p>D\u00eda Internacional del Caf\u00e9: \u00bfCu\u00e1ndo y por qu\u00e9 se celebra el D\u00eda Internacional del Caf\u00e9?, esto es todo lo que debes saber.<\/p>\n<p>Conoce la historia detr\u00e1s del D\u00eda Internacional de Caf\u00e9 .<\/p>\n<p>Debemos ser completamente honestos, en que una de las bebidas universales por excelencia.<\/p>\n<p>Ademas, que nos resultan extraordinarias y amadas por una gran cantidad de personas, sin duda ese es el caf\u00e9.<\/p>\n<p>Muchas personas, al rededor del mundo han demostrado su amor por \u00e9l.<\/p>\n<p>Al igual que incluso la necesidad de tomar al menos una taza para inicia el d\u00eda y rendir de la manera correcta.<\/p>\n<p>Tal ha sido la popularidad que ha generado.<\/p>\n<p>Ademas que incluso se ha ganado el D\u00eda Internacional del Caf\u00e9, el cual se celebra cada 1 de Octubre.<\/p>\n<p>Como muchos otros d\u00edas, tambi\u00e9n nos ha generado la duda del porqu\u00e9 se celebra o c\u00faal es, realmente, la historia detr\u00e1s de \u00e9l.<\/p>\n<p>D\u00f3nde y c\u00f3mo naci\u00f3, bueno te contamos un poco m\u00e1s a detalle todo lo que hay detr\u00e1s y estamos seguros te encantar\u00e1.<\/p>\n<p>Incluso puedes traer un caf\u00e9 para conocer un poco m\u00e1s de tu bebida favorita.<\/p>\n<h4>Historia<\/h4>\n<p>La historia que muchos cuentan, y por si no tiene mucha idea de ello, el D\u00eda del Caf\u00e9 naci\u00f3 en el a\u00f1o 2015.<\/p>\n<p>As\u00ed es un a\u00f1o mucho m\u00e1s reciente, en comparaci\u00f3n con otras celebraciones.<\/p>\n<p>Esto se instituyo por la Organizaci\u00f3n Internacional del Caf\u00e9 la cual estaba compuesta por 77 miembros.<\/p>\n<p>Ademas, los cuales tomaron la decisi\u00f3n en la Expo celebrada en el mismo a\u00f1o, en la ciudad de Mil\u00e1n, Italia el darle un d\u00eda al caf\u00e9.<\/p>\n<p>D\u00eda Internacional del Chocolate:<\/p>\n<p>5 beneficios que te har\u00e1n consumirlo en mayor cantidad<\/p>\n<p>Parte de la excusa de celebrar su d\u00eda.<\/p>\n<p>Ademas que es el hecho de tener un pretexto especial para vender en mayores cantidades esta bebida que tanto nos gusta.<\/p>\n<p>Al igual que con ello, tambi\u00e9n apoyar a los caficultores y expositores que viven de ello.<\/p>\n<p>Adem\u00e1s de conmemorar el nacimiento de uno de los granos m\u00e1s importantes.<\/p>\n<p>Aunque muchas personas no consideran el caf\u00e9 como una de las mejores bebidas de todas.<\/p>\n<p>Ademas que tenemos que hacer alusi\u00f3n a que se trata de una opci\u00f3n sumamente buena para la salud.<\/p>\n<h4>Al igual que incluso mucho m\u00e1s de lo que te imaginas.<\/h4>\n<p>El caf\u00e9 cuenta con alto contenido de antioxidantes, espec\u00edficamente polifenoles, los que cuales se absorben en el organismo.<\/p>\n<p>As\u00ed mismo dar\u00e1 como resultado una protecci\u00f3n contra los radicales libres y algunos metales pesados que provocan el envejecimiento.<\/p>\n<p>En efecto, cuando la gente suele hablar de despertarlos y permitirles realizar mucho mejor las actividades.<\/p>\n<p>Al igual que es porque estimula y activa las funciones cognitivas, acelera los procesos cerebrales y mejora much\u00edsimo la memoria.<\/p>\n<p>En efecto te mantiene m\u00e1s despierto y alerta.<\/p>\n<p>Tambi\u00e9n debemos hacer un hincapi\u00e9 a que se trata de una opci\u00f3n ideal para eliminar el ligero dolor de cabeza, gracias a las propiedades vaosodilatadoras.<\/p>\n","protected":false},"excerpt":{"rendered":"<p>El caf\u00e9 es una de las bebidas universales y esto es por lo que se consagr\u00f3 con su propio de de celebraci\u00f3n D\u00eda Internacional del Caf\u00e9: \u00bfCu\u00e1ndo y por qu\u00e9 se celebra el D\u00eda Internacional del Caf\u00e9?, esto es todo lo que debes saber. Conoce la historia detr\u00e1s del D\u00eda Internacional de Caf\u00e9 . Debemos [&hellip;]<\/p>\n","protected":false},"author":1,"featured_media":9359,"comment_status":"open","ping_status":"closed","sticky":false,"template":"","format":"standard","meta":{"footnotes":""},"categories":[2,5],"tags":[],"class_list":["post-9357","post","type-post","status-publish","format-standard","has-post-thumbnail","hentry","category-cultural","category-internacional"],"_links":{"self":[{"href":"https:\/\/podernacional.com\/index.php?rest_route=\/wp\/v2\/posts\/9357","targetHints":{"allow":["GET"]}}],"collection":[{"href":"https:\/\/podernacional.com\/index.php?rest_route=\/wp\/v2\/posts"}],"about":[{"href":"https:\/\/podernacional.com\/index.php?rest_route=\/wp\/v2\/types\/post"}],"author":[{"embeddable":true,"href":"https:\/\/podernacional.com\/index.php?rest_route=\/wp\/v2\/users\/1"}],"replies":[{"embeddable":true,"href":"https:\/\/podernacional.com\/index.php?rest_route=%2Fwp%2Fv2%2Fcomments&post=9357"}],"version-history":[{"count":1,"href":"https:\/\/podernacional.com\/index.php?rest_route=\/wp\/v2\/posts\/9357\/revisions"}],"predecessor-version":[{"id":9358,"href":"https:\/\/podernacional.com\/index.php?rest_route=\/wp\/v2\/posts\/9357\/revisions\/9358"}],"wp:featuredmedia":[{"embeddable":true,"href":"https:\/\/podernacional.com\/index.php?rest_route=\/wp\/v2\/media\/9359"}],"wp:attachment":[{"href":"https:\/\/podernacional.com\/index.php?rest_route=%2Fwp%2Fv2%2Fmedia&parent=9357"}],"wp:term":[{"taxonomy":"category","embeddable":true,"href":"https:\/\/podernacional.com\/index.php?rest_route=%2Fwp%2Fv2%2Fcategories&post=9357"},{"taxonomy":"post_tag","embeddable":true,"href":"https:\/\/podernacional.com\/index.php?rest_route=%2Fwp%2Fv2%2Ftags&post=9357"}],"curies":[{"name":"wp","href":"https:\/\/api.w.org\/{rel}","templated":true}]}}