{"id":9363,"date":"2022-09-28T18:26:22","date_gmt":"2022-09-28T23:26:22","guid":{"rendered":"https:\/\/podernacional.com\/?p=9363"},"modified":"2022-09-28T23:26:23","modified_gmt":"2022-09-28T23:26:23","slug":"lanza-gobierno-de-zacatecas-tercera-convocatoria-de-programa-de-desarrollo-de-proveedores-de-sectores-estrategicos","status":"publish","type":"post","link":"https:\/\/podernacional.com\/?p=9363","title":{"rendered":"Lanza Gobierno de Zacatecas tercera convocatoria de Programa de Desarrollo de Proveedores de Sectores Estrat\u00e9gicos"},"content":{"rendered":"<h4>El objetivo del programa es impulsar la productividad de las empresas zacatecanas para mejorar la econom\u00eda del estado<\/h4>\n<p>Convocatoria de Programa: Se promover\u00e1n los productos y\/o servicios de las empresas locales en el mercado local, estatal, regional y nacional<\/p>\n<p>Se fomentar\u00e1 la implementaci\u00f3n de mejores pr\u00e1cticas empresariales en las empresas locales.<\/p>\n<p>Ademas con el fin de reducir las brechas competitivas con empresas de otros estados o pa\u00edses<\/p>\n<p>Con el objetivo de consolidar a Zacatecas como la tierra del emprendimiento y el crecimiento empresarial.<\/p>\n<p>As\u00ed que el Gobierno de la transformaci\u00f3n, que encabeza el mandatario David Monreal \u00c1vila.<\/p>\n<p>Menciona que lanz\u00f3 el programa de Desarrollo de Proveedores de Sectores Estrat\u00e9gicos.<\/p>\n<p>El prop\u00f3sito del programa es facilitar a las mipymes locales que atienden los sectores estrat\u00e9gicos del estado (campo, miner\u00eda, industria y turismo).<\/p>\n<p>Al igual que el acceso a un diagn\u00f3stico y acompa\u00f1amiento empresarial, talleres de profesionalizaci\u00f3n.<\/p>\n<h4>As\u00ed como un diagn\u00f3stico financiero que le permita orientar sus esfuerzos y recursos para maximizar el valor que generan, mejorando as\u00ed su competitividad.<\/h4>\n<p>En este sentido, el Secretario de Econom\u00eda, Rodrigo Casta\u00f1eda Miranda.<\/p>\n<p>Ademas que inform\u00f3, a trav\u00e9s de esta iniciativa, se orientan los esfuerzos para el desarrollo de la proveedur\u00eda local.<\/p>\n<p>Al igual que estar fortaleciendo a las mipymes para que generen un mayor valor agregado, al crear valor para sus empleados.<\/p>\n<p>As\u00ed como de clientes, socios, y la sociedad zacatecana en general (convocatoria de Programa).<\/p>\n<p>Asimismo, estos esfuerzos de desarrollo permitir\u00e1n incrementar la complejidad econ\u00f3mica de Zacatecas, cuyo valor est\u00e1 relacionado con la capacidad productiva del estado.<\/p>\n<p>\u201cEstamos creando un c\u00edrculo virtuoso de crecimiento econ\u00f3mico, en donde capacitamos\u201d.<\/p>\n<p>\u201cAdemas de vinculamos a nuestras mipymes para que encuentren las mejores oportunidades de crecimiento\u201d.<\/p>\n<p>\u201cAs\u00ed como colaboramos con nuestras grandes empresas para crear nuevas cadenas de valor\u201d.<\/p>\n<p>\u201cEsto convirtiendo a Zacatecas en un polo de desarrollo regional y atracci\u00f3n de inversiones\u201d, mencion\u00f3 el Secretario.<\/p>\n<h4>El Gobierno de Zacatecas, a trav\u00e9s de la Secretar\u00eda de Econom\u00eda.<\/h4>\n<p>Ademas que contin\u00faa trabajando con estrategias bien dise\u00f1adas para aprovechar el gran potencial que tiene el estado.<\/p>\n<p>Esto con ello, generar bienestar social para todos los zacatecanos.<\/p>\n<p>Aquellos micros, peque\u00f1os y medianos negocios que est\u00e9n interesados en participar en la convocatoria.<\/p>\n<p>La cual menciona que podr\u00e1n registrase en el sitio web: econom\u00eda.zacatecas.gob.mx, donde encontrar\u00e1n las bases y requisitos a cumplir.<\/p>\n<p>Adem\u00e1s, pueden llamar al 4924915000, extensi\u00f3n 36251 y 36253 o solicitar informaci\u00f3n al correo industria.economia@zacatecas.gob.mx.<\/p>\n","protected":false},"excerpt":{"rendered":"<p>El objetivo del programa es impulsar la productividad de las empresas zacatecanas para mejorar la econom\u00eda del estado Convocatoria de Programa: Se promover\u00e1n los productos y\/o servicios de las empresas locales en el mercado local, estatal, regional y nacional Se fomentar\u00e1 la implementaci\u00f3n de mejores pr\u00e1cticas empresariales en las empresas locales. Ademas con el fin [&hellip;]<\/p>\n","protected":false},"author":1,"featured_media":9365,"comment_status":"open","ping_status":"closed","sticky":false,"template":"","format":"standard","meta":{"footnotes":""},"categories":[7,9],"tags":[],"class_list":["post-9363","post","type-post","status-publish","format-standard","has-post-thumbnail","hentry","category-nacional","category-politica"],"_links":{"self":[{"href":"https:\/\/podernacional.com\/index.php?rest_route=\/wp\/v2\/posts\/9363","targetHints":{"allow":["GET"]}}],"collection":[{"href":"https:\/\/podernacional.com\/index.php?rest_route=\/wp\/v2\/posts"}],"about":[{"href":"https:\/\/podernacional.com\/index.php?rest_route=\/wp\/v2\/types\/post"}],"author":[{"embeddable":true,"href":"https:\/\/podernacional.com\/index.php?rest_route=\/wp\/v2\/users\/1"}],"replies":[{"embeddable":true,"href":"https:\/\/podernacional.com\/index.php?rest_route=%2Fwp%2Fv2%2Fcomments&post=9363"}],"version-history":[{"count":1,"href":"https:\/\/podernacional.com\/index.php?rest_route=\/wp\/v2\/posts\/9363\/revisions"}],"predecessor-version":[{"id":9364,"href":"https:\/\/podernacional.com\/index.php?rest_route=\/wp\/v2\/posts\/9363\/revisions\/9364"}],"wp:featuredmedia":[{"embeddable":true,"href":"https:\/\/podernacional.com\/index.php?rest_route=\/wp\/v2\/media\/9365"}],"wp:attachment":[{"href":"https:\/\/podernacional.com\/index.php?rest_route=%2Fwp%2Fv2%2Fmedia&parent=9363"}],"wp:term":[{"taxonomy":"category","embeddable":true,"href":"https:\/\/podernacional.com\/index.php?rest_route=%2Fwp%2Fv2%2Fcategories&post=9363"},{"taxonomy":"post_tag","embeddable":true,"href":"https:\/\/podernacional.com\/index.php?rest_route=%2Fwp%2Fv2%2Ftags&post=9363"}],"curies":[{"name":"wp","href":"https:\/\/api.w.org\/{rel}","templated":true}]}}