{"id":9369,"date":"2022-09-28T18:42:01","date_gmt":"2022-09-28T23:42:01","guid":{"rendered":"https:\/\/podernacional.com\/?p=9369"},"modified":"2022-09-28T23:42:03","modified_gmt":"2022-09-28T23:42:03","slug":"gobierno-de-quintana-roo-confirma-continuidad-del-cptq","status":"publish","type":"post","link":"https:\/\/podernacional.com\/?p=9369","title":{"rendered":"Gobierno de Quintana Roo confirma continuidad del CPTQ"},"content":{"rendered":"<h4>La promoci\u00f3n del Caribe mexicano mejorar\u00e1 durante la actual administraci\u00f3n y se enfocar\u00e1 en esfuerzos efectivos de difusi\u00f3n.<\/h4>\n<p>Gobierno de Quintana Roo: As\u00ed como de atracci\u00f3n de m\u00e1s turismo, asegur\u00f3 Mara Lezama.<\/p>\n<p>La gobernadora Mara Lezama Espinosa confirm\u00f3 que no desaparecer\u00e1 el Consejo de Promoci\u00f3n Tur\u00edstica de Quintana Roo (CPTQ).<\/p>\n<p>Pero advirti\u00f3 que se transparentar\u00e1n los recursos que ejerce y ha ejercido este organismo.<\/p>\n<p>Durante el Foro Repensar el Turismo, realizado en Canc\u00fan, la mandataria anunci\u00f3 que ser\u00e1 Javier Aranda Pedrero quien ocupar\u00e1 la titularidad del CPTQ.<\/p>\n<p>Ademas de quien dijo que cuenta con una amplia trayectoria en promoci\u00f3n.<\/p>\n<p>Pues estuvo al frente de los fideicomisos de promoci\u00f3n tur\u00edstica de la Riviera Maya y de Nayarit.<\/p>\n<p>Ante un empresarios hoteleros y miembros de su reci\u00e9n conformado gabinete.<\/p>\n<p>Al igual que asegur\u00f3 que la promoci\u00f3n del Caribe mexicano mejorar\u00e1 durante su gobierno, pero se le dar\u00e1 un enfoque nuevo:<\/p>\n<h4>\u201cCon el objetivo de que el dinero deje de invertirse en frivolidades\u201d.<\/h4>\n<p>\u201cAl igual que en cambio, se enfoque en esfuerzos efectivos de difusi\u00f3n y atracci\u00f3n de m\u00e1s turismo\u201d.<\/p>\n<p>Aunque Lezama Espinosa no precis\u00f3 la deuda con la que reciben el CPTQ, el exdirector del organismo, Dar\u00edo Flota.<\/p>\n<p>La cual inform\u00f3 que enfrentaban obligaciones con proveedores por 600 millones de pesos al cierre de la anterior administraci\u00f3n.<\/p>\n<p>Ese monto de pasivos es casi la totalidad de los 630 millones que ejerce de presupuesto este a\u00f1o el CPTQ.<\/p>\n<p>A finales de julio de este a\u00f1o, Flota Ocampo coment\u00f3 que los 600 millones de pesos de deuda que tiene el organismo son una suma:<\/p>\n<p>\u201cManejable, ahora que los ingresos se comienzan a normalizar\u201d despu\u00e9s de la pandemia.<\/p>\n<p>Refiri\u00f3 que se trata de deuda reci\u00e9n contra\u00edda.<\/p>\n<p>Ademas que pues el CPTQ naci\u00f3 sin los pasivos heredados por los fideicomisos que durante a\u00f1os gestionaron la promoci\u00f3n tur\u00edstica de Quintana Roo.<\/p>\n<p>Como la Oficina de Visitantes y Convenciones de Canc\u00fan y el Fideicomiso de Promoci\u00f3n Tur\u00edstica de la Riviera Maya.<\/p>\n<p>Esto cuyas deudas las absorbi\u00f3 la Secretar\u00eda de Finanzas y Planeaci\u00f3n (Sefiplan).<\/p>\n<h4>Diversificaci\u00f3n<\/h4>\n<p>Adem\u00e1s de la continuidad del CPTQ, Lezama Espinosa dijo que durante su gobierno alinear\u00e1 una agenda de diversificaci\u00f3n.<\/p>\n<p>As\u00ed como de sostenibilidad y justicia social tur\u00edstica.<\/p>\n<p>Lo menciona el Gobierno de Quintana Roo, enmarcada dentro del Nuevo Acuerdo por el Bienestar y Desarrollo de Quintana Roo.<\/p>\n","protected":false},"excerpt":{"rendered":"<p>La promoci\u00f3n del Caribe mexicano mejorar\u00e1 durante la actual administraci\u00f3n y se enfocar\u00e1 en esfuerzos efectivos de difusi\u00f3n. Gobierno de Quintana Roo: As\u00ed como de atracci\u00f3n de m\u00e1s turismo, asegur\u00f3 Mara Lezama. La gobernadora Mara Lezama Espinosa confirm\u00f3 que no desaparecer\u00e1 el Consejo de Promoci\u00f3n Tur\u00edstica de Quintana Roo (CPTQ). Pero advirti\u00f3 que se transparentar\u00e1n [&hellip;]<\/p>\n","protected":false},"author":1,"featured_media":9371,"comment_status":"open","ping_status":"closed","sticky":false,"template":"","format":"standard","meta":{"footnotes":""},"categories":[7,9],"tags":[],"class_list":["post-9369","post","type-post","status-publish","format-standard","has-post-thumbnail","hentry","category-nacional","category-politica"],"_links":{"self":[{"href":"https:\/\/podernacional.com\/index.php?rest_route=\/wp\/v2\/posts\/9369","targetHints":{"allow":["GET"]}}],"collection":[{"href":"https:\/\/podernacional.com\/index.php?rest_route=\/wp\/v2\/posts"}],"about":[{"href":"https:\/\/podernacional.com\/index.php?rest_route=\/wp\/v2\/types\/post"}],"author":[{"embeddable":true,"href":"https:\/\/podernacional.com\/index.php?rest_route=\/wp\/v2\/users\/1"}],"replies":[{"embeddable":true,"href":"https:\/\/podernacional.com\/index.php?rest_route=%2Fwp%2Fv2%2Fcomments&post=9369"}],"version-history":[{"count":1,"href":"https:\/\/podernacional.com\/index.php?rest_route=\/wp\/v2\/posts\/9369\/revisions"}],"predecessor-version":[{"id":9370,"href":"https:\/\/podernacional.com\/index.php?rest_route=\/wp\/v2\/posts\/9369\/revisions\/9370"}],"wp:featuredmedia":[{"embeddable":true,"href":"https:\/\/podernacional.com\/index.php?rest_route=\/wp\/v2\/media\/9371"}],"wp:attachment":[{"href":"https:\/\/podernacional.com\/index.php?rest_route=%2Fwp%2Fv2%2Fmedia&parent=9369"}],"wp:term":[{"taxonomy":"category","embeddable":true,"href":"https:\/\/podernacional.com\/index.php?rest_route=%2Fwp%2Fv2%2Fcategories&post=9369"},{"taxonomy":"post_tag","embeddable":true,"href":"https:\/\/podernacional.com\/index.php?rest_route=%2Fwp%2Fv2%2Ftags&post=9369"}],"curies":[{"name":"wp","href":"https:\/\/api.w.org\/{rel}","templated":true}]}}