{"id":9390,"date":"2022-09-29T18:05:49","date_gmt":"2022-09-29T23:05:49","guid":{"rendered":"https:\/\/podernacional.com\/?p=9390"},"modified":"2022-09-29T23:05:50","modified_gmt":"2022-09-29T23:05:50","slug":"cancun-pierde-turistas-de-usa-al-elegir-otros-destinos-internacionales","status":"publish","type":"post","link":"https:\/\/podernacional.com\/?p=9390","title":{"rendered":"Canc\u00fan pierde turistas de USA al elegir otros destinos internacionales"},"content":{"rendered":"<h4>Con la pandemia los turistas procedentes de Estados Unidos se convirtieron en el mercado m\u00e1s importante de Quintana Roo.<\/h4>\n<p>Turistas de USA: Sin embargo, la apertura de otros destinos internacionales ha reflejado una ca\u00edda del 8% en el primer semestre, comparado con el mismo periodo de 2021.<\/p>\n<p>De acuerdo con el Centro de Investigaci\u00f3n y Competitividad Tur\u00edstica (Cicotur).<\/p>\n<p>As\u00ed como el aumento de la competencia con la apertura y la eliminaci\u00f3n de requisitos por covid-19 de otros lugares del mundo.<\/p>\n<p>De los cuales\u00a0han hecho que el volumen de viajeros estadounidenses se est\u00e9 reduciendo hacia los destinos del Caribe mexicano.<\/p>\n<p>Pues pas\u00f3 de captar al 39.1% de viajeros internacionales en 2021 a 25.5% en el primer semestre de este a\u00f1o, seg\u00fan lo informa Sipse.<\/p>\n<p>Durante la pandemia, los destinos mexicanos del Caribe, capt\u00f3 un turismo que han llamado \u201cprestado\u201d.<\/p>\n<p>As\u00ed lo reiter\u00f3 Francisco Madrid Flores, director de Cicotur, durante el foro \u201cRepensar el Turismo\u201d.<\/p>\n<p>As\u00ed mismo, Madrid desde agosto alert\u00f3 sobre la p\u00e9rdida de al menos 1.4% de este mercado. Adem\u00e1s, se proyectan meses de m\u00e1s competencia.<\/p>\n<p>No obstante, la conectividad a\u00e9rea con Estados Unidos es con 39 ciudades, lo que permite la llegada de 3.5 millones de visitantes.<\/p>\n<h4>Esto, convirti\u00e9ndolo en el principal mercado, seg\u00fan datos del Consejo de Promoci\u00f3n Tur\u00edstica de Quintana Roo.<\/h4>\n<p>Por ende, el sector tur\u00edstico de M\u00e9xico ve gran amenaza en la apertura de otros destinos que hab\u00edan estado restringidos por el covid-19.<\/p>\n<p>Lo que har\u00e1 que el volumen de turistas se reduzca, m\u00e1s cuando la promoci\u00f3n en M\u00e9xico ha bajado.<\/p>\n<p>As\u00ed lo reclam\u00f3 en su momento Gonzalo del Pe\u00f3n, presidente para las Am\u00e9ricas de AMResorts a la administraci\u00f3n de Andr\u00e9s Manuel L\u00f3pez Obrador (AMLO).<\/p>\n<p>(AMResorts reclama a AMLO por la falta de promoci\u00f3n tur\u00edstica; Turistas de USA).<\/p>\n<p>\u201cDefinitivamente nos ha afectado (la falta de promoci\u00f3n), podemos ver \u00e1reas donde extra\u00f1amos un instrumento que coordine la promoci\u00f3n de los destinos\u201d.<\/p>\n<p>\u201cEn Riviera Maya hay una gran capacidad a\u00e9rea, incluso el gobierno podr\u00eda decir: \u2018No pas\u00f3 nada.\u201d<\/p>\n<p>Cancelamos el Consejo de Promoci\u00f3n y estamos mejor que nunca\u2019, y se cuelgan las medallas.<\/p>\n<p>\u201cS\u00ed, pero vete a Acapulco o Ixtapa y la realidad es otra\u201d, dijo en su momento del Pe\u00f3n, durante el Inter.Mx Expansi\u00f3n Summit 2022.<\/p>\n","protected":false},"excerpt":{"rendered":"<p>Con la pandemia los turistas procedentes de Estados Unidos se convirtieron en el mercado m\u00e1s importante de Quintana Roo. Turistas de USA: Sin embargo, la apertura de otros destinos internacionales ha reflejado una ca\u00edda del 8% en el primer semestre, comparado con el mismo periodo de 2021. De acuerdo con el Centro de Investigaci\u00f3n y [&hellip;]<\/p>\n","protected":false},"author":1,"featured_media":9392,"comment_status":"open","ping_status":"closed","sticky":false,"template":"","format":"standard","meta":{"footnotes":""},"categories":[6,10],"tags":[],"class_list":["post-9390","post","type-post","status-publish","format-standard","has-post-thumbnail","hentry","category-local","category-quintana-roo"],"_links":{"self":[{"href":"https:\/\/podernacional.com\/index.php?rest_route=\/wp\/v2\/posts\/9390","targetHints":{"allow":["GET"]}}],"collection":[{"href":"https:\/\/podernacional.com\/index.php?rest_route=\/wp\/v2\/posts"}],"about":[{"href":"https:\/\/podernacional.com\/index.php?rest_route=\/wp\/v2\/types\/post"}],"author":[{"embeddable":true,"href":"https:\/\/podernacional.com\/index.php?rest_route=\/wp\/v2\/users\/1"}],"replies":[{"embeddable":true,"href":"https:\/\/podernacional.com\/index.php?rest_route=%2Fwp%2Fv2%2Fcomments&post=9390"}],"version-history":[{"count":1,"href":"https:\/\/podernacional.com\/index.php?rest_route=\/wp\/v2\/posts\/9390\/revisions"}],"predecessor-version":[{"id":9391,"href":"https:\/\/podernacional.com\/index.php?rest_route=\/wp\/v2\/posts\/9390\/revisions\/9391"}],"wp:featuredmedia":[{"embeddable":true,"href":"https:\/\/podernacional.com\/index.php?rest_route=\/wp\/v2\/media\/9392"}],"wp:attachment":[{"href":"https:\/\/podernacional.com\/index.php?rest_route=%2Fwp%2Fv2%2Fmedia&parent=9390"}],"wp:term":[{"taxonomy":"category","embeddable":true,"href":"https:\/\/podernacional.com\/index.php?rest_route=%2Fwp%2Fv2%2Fcategories&post=9390"},{"taxonomy":"post_tag","embeddable":true,"href":"https:\/\/podernacional.com\/index.php?rest_route=%2Fwp%2Fv2%2Ftags&post=9390"}],"curies":[{"name":"wp","href":"https:\/\/api.w.org\/{rel}","templated":true}]}}