{"id":9417,"date":"2022-09-30T18:37:26","date_gmt":"2022-09-30T23:37:26","guid":{"rendered":"https:\/\/podernacional.com\/?p=9417"},"modified":"2022-09-30T23:37:27","modified_gmt":"2022-09-30T23:37:27","slug":"vimianzo-a-coruna-programa-14-espectaculos-culturales-hasta-finales-de-ano","status":"publish","type":"post","link":"https:\/\/podernacional.com\/?p=9417","title":{"rendered":"Vimianzo (A Coru\u00f1a) programa 14 espect\u00e1culos culturales hasta finales de a\u00f1o"},"content":{"rendered":"<h4>&#8216;Lua vermella&#8217;, &#8216;De algo hai que morrer&#8217;, &#8216;N.E.VE.R.M.O.R.E, la caixa negra do Prestige&#8217;.<\/h4>\n<p>Vimianzo (A Coru\u00f1a): Ademas de &#8216;Miss Docet&#8217; son algunos de los espect\u00e1culos previstos en el oto\u00f1o cultural de Vimianzo<\/p>\n<p>Presentaci\u00f3n de la programaci\u00f3n cultural de oto\u00f1o en Vimianzo.<\/p>\n<p>CONCELLO DE VIMIANZO<\/p>\n<p>El Concello de Vimianzo (A Coru\u00f1a) ha presentado la programaci\u00f3n de artes esc\u00e9nicas prevista para los fines de semanas de:<\/p>\n<p>Mencionan que de Octubre, noviembre y diciembre, con un total de 14 espect\u00e1culos de cine, m\u00fasica, narraci\u00f3n oral, teatro y comedia.<\/p>\n<p>La programaci\u00f3n comenzar\u00e1 el viernes 14 de octubre con la proyecci\u00f3n de la pel\u00edcula Lua vermella.<\/p>\n<p>Esto, dentro del Ciclo Nacional de Cine y Mujeres Rurales del Ministerio de Agricultura, Pesca y Alimentaci\u00f3n.<\/p>\n<p>Al d\u00eda siguiente, la compa\u00f1\u00eda Os Monicreques de Kukas traer\u00e1 al municipio un espect\u00e1culo llamado Don Gaiferos.<\/p>\n<p>Ademas del 22 de octubre Eva Iglesias e Inma Morandeira ser\u00e1 las protagonista de la comedia Nais.<\/p>\n<p>As\u00ed como\u00a0el 29 de octubre Malasombra Producions representar\u00e1 el espect\u00e1culo De algo hai que morrer.<\/p>\n<p>Los espect\u00e1culos del mes de noviembre comenzar\u00e1n el d\u00eda 12 con la narraci\u00f3n oral Como dicia o outro de Candido Pazo.<\/p>\n<p>Ademas que\u00a0continuar\u00e1 el 19 de noviembre con el espect\u00e1culo N.E.VE.R.M.O.R.E, la caixa negra do Prestige.<\/p>\n<h4>Ademas que es un viaje emocional sobre la cat\u00e1strofe que marc\u00f3 las vidas de los habitantes de la Costa da Morte.<\/h4>\n<p>El s\u00e1bado 26 de noviembre, la compa\u00f1\u00eda El\u00e9ctrica presentar\u00e1 el espect\u00e1culo Miss Docet.<\/p>\n<p>El cual ademas en una pieza de teatro documental en la que la vida de Emilia Docet.<\/p>\n<p>Mencionan que tambi\u00e9n se entrecruza con la de otras mujeres silenciadas despu\u00e9s de 1936.<\/p>\n<p>El mes de diciembre cerrar\u00e1 la programaci\u00f3n cultural con los espect\u00e1culos As que limpian de la compa\u00f1\u00eda A Panadaria y Foile de Punto de Partida.<\/p>\n<p>Las representaciones incluidas en este oto\u00f1o cultura, destinadas a audiltos.<\/p>\n<p>Ademas que\u00a0tendr\u00e1n lugar los s\u00e1bados a las 20:30 horas en el Auditorio de la Casa de la Cultura.<\/p>\n<p>Las entradas se pueden comprar a trav\u00e9s de <a href=\"http:\/\/www.woutick.es.\"><u>www.woutick.es<\/u><u>.<\/u><\/a><\/p>\n<p>O bien, de forma presencial en la Casa de la Cultura de lunes a viernes, en horario de 09:00 a 14:00 horas.<\/p>\n","protected":false},"excerpt":{"rendered":"<p>&#8216;Lua vermella&#8217;, &#8216;De algo hai que morrer&#8217;, &#8216;N.E.VE.R.M.O.R.E, la caixa negra do Prestige&#8217;. Vimianzo (A Coru\u00f1a): Ademas de &#8216;Miss Docet&#8217; son algunos de los espect\u00e1culos previstos en el oto\u00f1o cultural de Vimianzo Presentaci\u00f3n de la programaci\u00f3n cultural de oto\u00f1o en Vimianzo. CONCELLO DE VIMIANZO El Concello de Vimianzo (A Coru\u00f1a) ha presentado la programaci\u00f3n de [&hellip;]<\/p>\n","protected":false},"author":1,"featured_media":9419,"comment_status":"open","ping_status":"closed","sticky":false,"template":"","format":"standard","meta":{"footnotes":""},"categories":[4,5],"tags":[],"class_list":["post-9417","post","type-post","status-publish","format-standard","has-post-thumbnail","hentry","category-espectaculos","category-internacional"],"_links":{"self":[{"href":"https:\/\/podernacional.com\/index.php?rest_route=\/wp\/v2\/posts\/9417","targetHints":{"allow":["GET"]}}],"collection":[{"href":"https:\/\/podernacional.com\/index.php?rest_route=\/wp\/v2\/posts"}],"about":[{"href":"https:\/\/podernacional.com\/index.php?rest_route=\/wp\/v2\/types\/post"}],"author":[{"embeddable":true,"href":"https:\/\/podernacional.com\/index.php?rest_route=\/wp\/v2\/users\/1"}],"replies":[{"embeddable":true,"href":"https:\/\/podernacional.com\/index.php?rest_route=%2Fwp%2Fv2%2Fcomments&post=9417"}],"version-history":[{"count":1,"href":"https:\/\/podernacional.com\/index.php?rest_route=\/wp\/v2\/posts\/9417\/revisions"}],"predecessor-version":[{"id":9418,"href":"https:\/\/podernacional.com\/index.php?rest_route=\/wp\/v2\/posts\/9417\/revisions\/9418"}],"wp:featuredmedia":[{"embeddable":true,"href":"https:\/\/podernacional.com\/index.php?rest_route=\/wp\/v2\/media\/9419"}],"wp:attachment":[{"href":"https:\/\/podernacional.com\/index.php?rest_route=%2Fwp%2Fv2%2Fmedia&parent=9417"}],"wp:term":[{"taxonomy":"category","embeddable":true,"href":"https:\/\/podernacional.com\/index.php?rest_route=%2Fwp%2Fv2%2Fcategories&post=9417"},{"taxonomy":"post_tag","embeddable":true,"href":"https:\/\/podernacional.com\/index.php?rest_route=%2Fwp%2Fv2%2Ftags&post=9417"}],"curies":[{"name":"wp","href":"https:\/\/api.w.org\/{rel}","templated":true}]}}