{"id":9438,"date":"2022-09-30T19:56:38","date_gmt":"2022-10-01T00:56:38","guid":{"rendered":"https:\/\/podernacional.com\/?p=9438"},"modified":"2022-10-01T00:56:39","modified_gmt":"2022-10-01T00:56:39","slug":"salud-presento-avances-en-el-abordaje-de-enfermedades-cardiovasculares","status":"publish","type":"post","link":"https:\/\/podernacional.com\/?p=9438","title":{"rendered":"Salud present\u00f3 avances en el abordaje de enfermedades cardiovasculares"},"content":{"rendered":"<h4>Autoridades de la cartera sanitaria nacional expusieron las principales l\u00edneas de trabajo en un evento realizado en el Congreso de la Naci\u00f3n.<\/h4>\n<p>Enfermedades cardiovasculares: En el marco del D\u00eda Mundial del Coraz\u00f3n, que se celebra cada 29 de septiembre y cuyo lema este a\u00f1o es \u201cUs\u00e1 tu coraz\u00f3n para cada coraz\u00f3n\u201d.<\/p>\n<p>As\u00ed como en\u00a0el Ministerio de Salud particip\u00f3 de un encuentro realizado en la sede de la C\u00e1mara de Diputados de la Naci\u00f3n.<\/p>\n<p>Lugar donde se presentaron los avances en el abordaje de las enfermedades cardiovasculares (ECV) y diferentes estrategias de prevenci\u00f3n y control.<\/p>\n<p>\u201cEs importante enmarcar estas acciones en la Estrategia Nacional de Entornos Saludables (ENES) para correr la responsabilidad individual\u201d.<\/p>\n<p>\u201cAdemas de\u00a0pensar en ambientes promotores de la salud\u201d, consider\u00f3 el director nacional de Abordaje Integral de Enfermedades no Transmisibles.<\/p>\n<p>Esto lo menciona, Nicol\u00e1s Haeberer, quien se refiri\u00f3 a la resoluci\u00f3n publicada el a\u00f1o pasado en ese sentido.<\/p>\n<p>\u201cAdem\u00e1s de trabajar para promover la alimentaci\u00f3n saludable, la realizaci\u00f3n de actividad f\u00edsica, los ambientes libres de humo\u201d.<\/p>\n<h4>\u201cAs\u00ed como\u00a0la reducci\u00f3n del consumo de alcohol, entre otras perspectivas\u201d.<\/h4>\n<p>\u201cEsta resoluci\u00f3n tiene un eje puesto en las acciones para prevenir eventos cardiovasculares desde un enfoque integral\u201d.<\/p>\n<p>\u201cPorque la salud del coraz\u00f3n atraviesa todos los ejes\u201d, agreg\u00f3.<\/p>\n<p>Por su parte, el director m\u00e9dico de la Honorable C\u00e1mara de Diputados de la Naci\u00f3n, Marcelo Halac, expres\u00f3 que en el recinto:<\/p>\n<p>\u201chemos trabajado para que se cumpla el espacio laboral libre de humo\u201d.<\/p>\n<p>\u201cAdemas que, hemos creado un espacio amigo de la lactancia, y trabajamos en la promoci\u00f3n de h\u00e1bitos saludables con las ni\u00f1eces en el jard\u00edn.\u201d<\/p>\n<p>Durante el encuentro tambi\u00e9n se destac\u00f3 la importancia de la ley 27.159 de \u201cPrevenci\u00f3n Integral de la Muerte S\u00fabita\u201d.<\/p>\n<p>La cual est\u00e1\u00a0reglamentada el pasado 15 de julio, que promueve la conciencia social, la solidaridad y el trabajo en equipo entre sociedad.<\/p>\n<p>As\u00ed como el sistema de salud, para lograr salvar una vida.<\/p>\n","protected":false},"excerpt":{"rendered":"<p>Autoridades de la cartera sanitaria nacional expusieron las principales l\u00edneas de trabajo en un evento realizado en el Congreso de la Naci\u00f3n. Enfermedades cardiovasculares: En el marco del D\u00eda Mundial del Coraz\u00f3n, que se celebra cada 29 de septiembre y cuyo lema este a\u00f1o es \u201cUs\u00e1 tu coraz\u00f3n para cada coraz\u00f3n\u201d. As\u00ed como en\u00a0el Ministerio [&hellip;]<\/p>\n","protected":false},"author":1,"featured_media":9440,"comment_status":"open","ping_status":"closed","sticky":false,"template":"","format":"standard","meta":{"footnotes":""},"categories":[5,11],"tags":[],"class_list":["post-9438","post","type-post","status-publish","format-standard","has-post-thumbnail","hentry","category-internacional","category-salud"],"_links":{"self":[{"href":"https:\/\/podernacional.com\/index.php?rest_route=\/wp\/v2\/posts\/9438","targetHints":{"allow":["GET"]}}],"collection":[{"href":"https:\/\/podernacional.com\/index.php?rest_route=\/wp\/v2\/posts"}],"about":[{"href":"https:\/\/podernacional.com\/index.php?rest_route=\/wp\/v2\/types\/post"}],"author":[{"embeddable":true,"href":"https:\/\/podernacional.com\/index.php?rest_route=\/wp\/v2\/users\/1"}],"replies":[{"embeddable":true,"href":"https:\/\/podernacional.com\/index.php?rest_route=%2Fwp%2Fv2%2Fcomments&post=9438"}],"version-history":[{"count":1,"href":"https:\/\/podernacional.com\/index.php?rest_route=\/wp\/v2\/posts\/9438\/revisions"}],"predecessor-version":[{"id":9439,"href":"https:\/\/podernacional.com\/index.php?rest_route=\/wp\/v2\/posts\/9438\/revisions\/9439"}],"wp:featuredmedia":[{"embeddable":true,"href":"https:\/\/podernacional.com\/index.php?rest_route=\/wp\/v2\/media\/9440"}],"wp:attachment":[{"href":"https:\/\/podernacional.com\/index.php?rest_route=%2Fwp%2Fv2%2Fmedia&parent=9438"}],"wp:term":[{"taxonomy":"category","embeddable":true,"href":"https:\/\/podernacional.com\/index.php?rest_route=%2Fwp%2Fv2%2Fcategories&post=9438"},{"taxonomy":"post_tag","embeddable":true,"href":"https:\/\/podernacional.com\/index.php?rest_route=%2Fwp%2Fv2%2Ftags&post=9438"}],"curies":[{"name":"wp","href":"https:\/\/api.w.org\/{rel}","templated":true}]}}