{"id":9441,"date":"2022-10-01T17:51:13","date_gmt":"2022-10-01T22:51:13","guid":{"rendered":"https:\/\/podernacional.com\/?p=9441"},"modified":"2022-10-01T22:51:15","modified_gmt":"2022-10-01T22:51:15","slug":"se-realizara-el-festival-del-queso-en-los-toldos","status":"publish","type":"post","link":"https:\/\/podernacional.com\/?p=9441","title":{"rendered":"Se realizar\u00e1 el Festival del Queso en Los Toldos"},"content":{"rendered":"<h4>Este 8 y 9 de octubre se realizar\u00e1 una nueva edici\u00f3n del Festival del Queso en la localidad bonaerense de Los Toldos.<\/h4>\n<p>Festival del Queso: Por ende, se realizar\u00e1 el Festival del Queso en Los Toldos<\/p>\n<p>El 8-9 de octubre se realizar\u00e1 una nueva edici\u00f3n del Festival del Queso en la ciudad bonaerense de Los Toldos, partido de General Viamonte.<\/p>\n<p>Este evento invita a sus visitantes a disfrutar los mejores quesos, chacinados, cervezas artesanales, alfajores, dulces y conservas de la regi\u00f3n.<\/p>\n<p>Este Festival se realizar\u00e1 en el Paseo Sados Maidana, donde se podr\u00e1 adquirir diferentes variedades de quesos.<\/p>\n<p>Ademas de participar de cursos de elaboraci\u00f3n en vivo y realizar visitas guiadas a establecimientos l\u00e1cteos, al museo.<\/p>\n<p>Al igual \u00a0al Monasterio Benedictino \u00abSanta Mar\u00eda de Los Toldos\u00bb, dedicado a la producci\u00f3n de quesos.<\/p>\n<p>La Fiesta Provincial del Inmigrante comenzar\u00e1 el 3 de septiembre<\/p>\n<h4>D\u00cdA POR D\u00cdA<\/h4>\n<p>Fiesta Provincial del Inmigrante 2022 en Berisso:<\/p>\n<p>El cronograma completo de actividades<\/p>\n<p>\u00abDentro del predio expondr\u00e1n su producci\u00f3n seis f\u00e1bricas de quesos, dos fiambrer\u00edas, y dos cervecer\u00edas locales\u201d.<\/p>\n<p>\u201cAdem\u00e1s, habr\u00e1 food trucks y seis puestos gastron\u00f3micos, con men\u00fas a base de queso\u00bb, coment\u00f3 H\u00e9ctor Luberriaga, director de Turismo local.<\/p>\n<p>Los Toldos se convirti\u00f3 en la cuna del queso Gouda de Argentina hace 70 a\u00f1os, cuando inmigrantes suizos y holandeses arribaron a esta ciudad.<\/p>\n<p>Ellos fueron los primeros en elaborar queso en esta parte de la regi\u00f3n.<\/p>\n<p>Aunque, a\u00f1os m\u00e1s tarde, los espa\u00f1oles e italianos comenzaron a fabricar queso sardo, provoleta, pategr\u00e1s y el parmesano.<\/p>\n<p>El Festival del Queso se realizar\u00e1 el 8 y 9 de octubre en la localidad bonaerense de Los Toldos.<\/p>\n<p>El cronograma del Festival del Queso<\/p>\n<p>La Municipalidad de General Viamonte dio a conocer el cronograma completo de actividades que se llevar\u00e1n a cabo en el Festival del Queso:<\/p>\n<h4>S\u00e1bado 8 de octubre<\/h4>\n<p>08:00hs. Inscripci\u00f3n Ruta del Queso \/ 08:30hs. Salida.<\/p>\n<p>13:00hs. Inscripci\u00f3n Ruta del Queso \/ 13:30hs. Salida.<\/p>\n<p>14:00hs. Aula Gastron\u00f3mica. Charla sobre Estudios de Vitalidad con \u00abFlorencia Cherichetti\u00bb.<\/p>\n<p>15:00hs. Aula Gastron\u00f3mica. Charla y Cocina Agroecol\u00f3gica con \u00abJuan Jos\u00e9 Japez\u00bb.<\/p>\n<p>16:00hs. Carpa de Conferencias. Taller de quesos con \u00abQuesarte\u00bb. (Actividad arancelada).<\/p>\n<p>16:30hs. Aula Gastron\u00f3mica. Charla sobre Hidromiel con \u00abMart\u00edn Salvador\u00bb.<\/p>\n<p>17:00hs. Escenario. Show de m\u00fasica y baile \u00abDorenan\u00bb.<\/p>\n<p>18:00hs. Escenario. Cocina en vivo \u00abLele Crist\u00f3bal\u00bb compartiendo charlas con \u00abLeandro Vesco\u00bb.<\/p>\n<p>19:30hs. Escenario. Show de baile \u00abSchweizer Blumen\u00bb.<\/p>\n<p>20:00hs. Aula Gastron\u00f3mica. Charla y Cocina \u00abPrimavera en el Plato\u00bb con \u00abPerla Herro\u00bb.<\/p>\n<p>20:00hs. Carpa de Conferencias. Maridaje de quesos con \u00abQuesarte\u00bb.<\/p>\n<p>21:00hs. Escenario. Show de m\u00fasica y baile \u00abDorenan\u00bb.<\/p>\n<p>22:00hs. Escenario. Show de m\u00fasica \u00abLustige Musikanten\u00bb.<\/p>\n<h4>Domingo 9 de octubre<\/h4>\n<p>08:00hs. Inscripci\u00f3n Ruta del Queso \/ 08:30hs. Salida.<\/p>\n<p>13:00hs. Inscripci\u00f3n Ruta del Queso \/ 13:30hs. Salida.<\/p>\n<p>10:00hs. Carrera del Queso.<\/p>\n<p>14:00hs. Aula Gastron\u00f3mica. Charla sobre Estudios de Vitalidad con \u00abFlorencia Cherichetti\u00bb.<\/p>\n<p>15:00hs. Aula Gastron\u00f3mica. Charla sobre Hidromiel con \u00abMart\u00edn Salvador\u00bb.}16:00hs. Carpa de Conferencias. Taller de quesos con \u00abQuesarte\u00bb.<\/p>\n<p>16:00hs. Aula Gastron\u00f3mica. Charla y Cocina \u00abLa Fermentaci\u00f3n: Chucrut, mostaza Antigua y kefir\u00bb con \u00abPerla Herro\u00bb.<\/p>\n<p>17:00hs. Escenario. Show de m\u00fasica \u00abLustige Musikanten\u00bb.<\/p>\n<p>18:00hs. Escenario. Cocina en vivo \u00abMaru Botana\u00bb.<\/p>\n<p>19:30hs. Escenario. Show de baile \u00abSchweizer Blumen\u00bb.<\/p>\n<p>20:00hs. Aula Gastron\u00f3mica. Charla y Cocina Agroecol\u00f3gica con \u00abJuan Jos\u00e9 Japez\u00bb.<\/p>\n<p>20:00hs. Carpa de Conferencias. Presentaci\u00f3n del Libro \u00abPulper\u00edas y Bodegones\u00bb de Leandro Vesco con \u00abLele Crist\u00f3bal\u00bb. Firma de libros.<\/p>\n<p>21:00hs. Escenario. Show de m\u00fasica y baile \u00abDorenan\u00bb.<\/p>\n<p>21:30hs. Carpa de Conferencias. Maridaje de quesos con \u00abQuesarte\u00bb. (Actividad arancelada).<\/p>\n<p>22:00hs. Escenario. Show de m\u00fasica y baile \u00abDorenan\u00bb.<\/p>\n","protected":false},"excerpt":{"rendered":"<p>Este 8 y 9 de octubre se realizar\u00e1 una nueva edici\u00f3n del Festival del Queso en la localidad bonaerense de Los Toldos. Festival del Queso: Por ende, se realizar\u00e1 el Festival del Queso en Los Toldos El 8-9 de octubre se realizar\u00e1 una nueva edici\u00f3n del Festival del Queso en la ciudad bonaerense de Los [&hellip;]<\/p>\n","protected":false},"author":1,"featured_media":9443,"comment_status":"open","ping_status":"closed","sticky":false,"template":"","format":"standard","meta":{"footnotes":""},"categories":[2,4,5],"tags":[],"class_list":["post-9441","post","type-post","status-publish","format-standard","has-post-thumbnail","hentry","category-cultural","category-espectaculos","category-internacional"],"_links":{"self":[{"href":"https:\/\/podernacional.com\/index.php?rest_route=\/wp\/v2\/posts\/9441","targetHints":{"allow":["GET"]}}],"collection":[{"href":"https:\/\/podernacional.com\/index.php?rest_route=\/wp\/v2\/posts"}],"about":[{"href":"https:\/\/podernacional.com\/index.php?rest_route=\/wp\/v2\/types\/post"}],"author":[{"embeddable":true,"href":"https:\/\/podernacional.com\/index.php?rest_route=\/wp\/v2\/users\/1"}],"replies":[{"embeddable":true,"href":"https:\/\/podernacional.com\/index.php?rest_route=%2Fwp%2Fv2%2Fcomments&post=9441"}],"version-history":[{"count":1,"href":"https:\/\/podernacional.com\/index.php?rest_route=\/wp\/v2\/posts\/9441\/revisions"}],"predecessor-version":[{"id":9442,"href":"https:\/\/podernacional.com\/index.php?rest_route=\/wp\/v2\/posts\/9441\/revisions\/9442"}],"wp:featuredmedia":[{"embeddable":true,"href":"https:\/\/podernacional.com\/index.php?rest_route=\/wp\/v2\/media\/9443"}],"wp:attachment":[{"href":"https:\/\/podernacional.com\/index.php?rest_route=%2Fwp%2Fv2%2Fmedia&parent=9441"}],"wp:term":[{"taxonomy":"category","embeddable":true,"href":"https:\/\/podernacional.com\/index.php?rest_route=%2Fwp%2Fv2%2Fcategories&post=9441"},{"taxonomy":"post_tag","embeddable":true,"href":"https:\/\/podernacional.com\/index.php?rest_route=%2Fwp%2Fv2%2Ftags&post=9441"}],"curies":[{"name":"wp","href":"https:\/\/api.w.org\/{rel}","templated":true}]}}