{"id":9444,"date":"2022-10-01T18:02:51","date_gmt":"2022-10-01T23:02:51","guid":{"rendered":"https:\/\/podernacional.com\/?p=9444"},"modified":"2022-10-01T23:02:53","modified_gmt":"2022-10-01T23:02:53","slug":"el-negocio-de-los-espectaculos-con-drones-consigue-dar-un-despegue-en-espana","status":"publish","type":"post","link":"https:\/\/podernacional.com\/?p=9444","title":{"rendered":"El negocio de los espect\u00e1culos con drones consigue dar un despegue en Espa\u00f1a"},"content":{"rendered":"<h4>Los drones destinados al ocio son cada vez m\u00e1s frecuentes en Espa\u00f1a gracias a compa\u00f1\u00edas como Flock Drone Art.<\/h4>\n<p>El negocio: As\u00ed como a la relajaci\u00f3n de la regulaci\u00f3n por parte de las autoridades.<\/p>\n<p>A finales de 2020, tras los duros meses de confinamiento.<\/p>\n<p>Al igual que\u00a0un trabajo a\u00fan m\u00e1s arduo de m\u00e1s de un a\u00f1o de gestiones de autorizaciones para poder volar.<\/p>\n<p>Con esto, Flock Drone Art realizaba su primer espect\u00e1culo a\u00e9reo con drones.<\/p>\n<p>Los veh\u00edculos no tripulados de la compa\u00f1\u00eda inundaron el cielo de Manresa para que la poblaci\u00f3n disfrutara del espect\u00e1culo desde sus balcones.<\/p>\n<h4>A pesar del tiempo que se tard\u00f3 en poder realizar el primero de estos espect\u00e1culos.<\/h4>\n<p>Ademas de\u00a0la compa\u00f1\u00eda espa\u00f1ola iniciaba con este primer show una carrera mete\u00f3rica creciendo en facturaci\u00f3n, clientes, espect\u00e1culos y flota de drones a\u00f1o tras a\u00f1o.<\/p>\n<p>Actualmente, las previsiones que manejan apuntan a que la facturaci\u00f3n de 2022 sea de m\u00e1s de 500.000 euros.<\/p>\n<p>El cual es tres veces m\u00e1s que los 146.000 del a\u00f1o anterior(El negocio).<\/p>\n<p>\u00abEn 2021 hicimos unos quince espect\u00e1culos porque a\u00fan hab\u00edan muchas restricciones pero a partir del final de 2021 todo ha ido a tope.<\/p>\n<p>Solo este verano hemos hecho m\u00e1s de cuarenta\u00bb, asegura Fran Arnau, CEO y fundador de Flock Drone Art.<\/p>\n<p>Arnau trabajaba en una empresa dedicada a los espect\u00e1culos y la producci\u00f3n musical desde 2006, Link Productions.<\/p>\n<p>Esto\u00a0pero su afici\u00f3n a la fotograf\u00eda con drones le hizo participar en el Masvinyoles Hub.<\/p>\n<p>Ademas que fue donde en 2019 se realizaba un curso en el que se buscaban sinergias entre perfiles de diferentes categor\u00edas, con un denominador com\u00fan:<\/p>\n<h4>Los drones.<\/h4>\n<p>\u00abYo llegu\u00e9 al curso con la idea en la cabeza de los espect\u00e1culos con drones\u201d.<\/p>\n<p>\u201cEl cual fue por un v\u00eddeo que hab\u00eda visto en Internet de uno de estos shows en Shangh\u00e1i\u201d.<\/p>\n<p>\u201cPor ende\u00a0all\u00ed me junt\u00e9 con otros tres frikis y de ah\u00ed sali\u00f3 la empresa\u00bb, confiesa Arnau.<\/p>\n<p>\u00abMas Vinyoles Venture Factory, incubadora especializada en cleantech, se sum\u00f3 al proyecto como business angel junto a Agrotech Geomap.<\/p>\n<p>La cual es\u00a0tecnol\u00f3gica especializada en cartograf\u00eda, y otros socios minoritarios.<\/p>\n<p>De la mano de Link Produccions, que actualmente tiene la parte mayoritaria(El negocio).<\/p>\n<p>Ademas que\u00a0desembolsaron una inversi\u00f3n inicial que super\u00f3 los 300.000 euros, dividida en dos rondas\u00bb, a\u00f1ade.<\/p>\n<p>Actualmente, Flock Drone Art es junto con Umiles Group una de las dos empresas que realizan espect\u00e1culos con drones en Espa\u00f1a.<\/p>\n<p>Esto, pero Fran Arnau reconoce que le han llegado rumores de que hay m\u00e1s empresas.<\/p>\n<p>Las cuales est\u00e1n\u00a0a punto de comenzar a operar en este segmento en el pa\u00eds.<\/p>\n<h4>Momento de cambio<\/h4>\n<p>Gran parte del trabajo de Flock Drone Art se realiza gestionando autorizaciones con la Agencia Eapacial de Seguridad A\u00e9rea (AESA).<\/p>\n<p>\u00abEs la parte m\u00e1s ardua de la empresa. Pero estamos muy contentos porque justo esta semana conseguimos la ampliaci\u00f3n de autorizaci\u00f3n\u201d<\/p>\n<p>\u201cYa nos permite volar en todo el territorio espa\u00f1ol incluso dentro de aeropuertos\u00bb, asegura el CEO de la compa\u00f1\u00eda.<\/p>\n<p>Gracias a esta ampliaci\u00f3n, la empresa ahora solo tendr\u00e1 que notificar a la Agencia el d\u00eda, hora,\u00a0localizaci\u00f3n donde van a volar para que ellos.<\/p>\n<p>Ademas de\u00a0realicen una reserva del espacio a\u00e9reo y cualquiera que vuele en ese momento sepa que ah\u00ed est\u00e1n los drones operando.<\/p>\n<p>Adem\u00e1s, la limitacion en n\u00famero que tiene la AESA para volar drones en Espa\u00f1a, 200.<\/p>\n<p>Ademas que podr\u00eda ampliarse en breve para permitir a estas compa\u00f1\u00edas ampliar su flota en los espect\u00e1culos.<\/p>\n<p>\u00abEl r\u00e9cord mundial son 3.200 drones volando a la vez, as\u00ed que imag\u00ednate todo el margen para seguir creciendo que tenemos\u00bb.<\/p>\n","protected":false},"excerpt":{"rendered":"<p>Los drones destinados al ocio son cada vez m\u00e1s frecuentes en Espa\u00f1a gracias a compa\u00f1\u00edas como Flock Drone Art. El negocio: As\u00ed como a la relajaci\u00f3n de la regulaci\u00f3n por parte de las autoridades. A finales de 2020, tras los duros meses de confinamiento. Al igual que\u00a0un trabajo a\u00fan m\u00e1s arduo de m\u00e1s de un [&hellip;]<\/p>\n","protected":false},"author":1,"featured_media":9446,"comment_status":"open","ping_status":"closed","sticky":false,"template":"","format":"standard","meta":{"footnotes":""},"categories":[4,5],"tags":[],"class_list":["post-9444","post","type-post","status-publish","format-standard","has-post-thumbnail","hentry","category-espectaculos","category-internacional"],"_links":{"self":[{"href":"https:\/\/podernacional.com\/index.php?rest_route=\/wp\/v2\/posts\/9444","targetHints":{"allow":["GET"]}}],"collection":[{"href":"https:\/\/podernacional.com\/index.php?rest_route=\/wp\/v2\/posts"}],"about":[{"href":"https:\/\/podernacional.com\/index.php?rest_route=\/wp\/v2\/types\/post"}],"author":[{"embeddable":true,"href":"https:\/\/podernacional.com\/index.php?rest_route=\/wp\/v2\/users\/1"}],"replies":[{"embeddable":true,"href":"https:\/\/podernacional.com\/index.php?rest_route=%2Fwp%2Fv2%2Fcomments&post=9444"}],"version-history":[{"count":1,"href":"https:\/\/podernacional.com\/index.php?rest_route=\/wp\/v2\/posts\/9444\/revisions"}],"predecessor-version":[{"id":9445,"href":"https:\/\/podernacional.com\/index.php?rest_route=\/wp\/v2\/posts\/9444\/revisions\/9445"}],"wp:featuredmedia":[{"embeddable":true,"href":"https:\/\/podernacional.com\/index.php?rest_route=\/wp\/v2\/media\/9446"}],"wp:attachment":[{"href":"https:\/\/podernacional.com\/index.php?rest_route=%2Fwp%2Fv2%2Fmedia&parent=9444"}],"wp:term":[{"taxonomy":"category","embeddable":true,"href":"https:\/\/podernacional.com\/index.php?rest_route=%2Fwp%2Fv2%2Fcategories&post=9444"},{"taxonomy":"post_tag","embeddable":true,"href":"https:\/\/podernacional.com\/index.php?rest_route=%2Fwp%2Fv2%2Ftags&post=9444"}],"curies":[{"name":"wp","href":"https:\/\/api.w.org\/{rel}","templated":true}]}}