{"id":9459,"date":"2022-10-01T18:46:04","date_gmt":"2022-10-01T23:46:04","guid":{"rendered":"https:\/\/podernacional.com\/?p=9459"},"modified":"2022-10-01T23:46:06","modified_gmt":"2022-10-01T23:46:06","slug":"detenida-la-actriz-maria-leon-tras-presunta-agresion-a-un-policia-en-sevilla","status":"publish","type":"post","link":"https:\/\/podernacional.com\/?p=9459","title":{"rendered":"Detenida la actriz Mar\u00eda Le\u00f3n tras presunta agresi\u00f3n a un polic\u00eda en Sevilla"},"content":{"rendered":"<h4>La Polic\u00eda Local dio el alto a un hombre al que identificaba cuando un grupo de personas, entre las que se encontraba la actriz, comenz\u00f3 a increparles.<\/h4>\n<p>La actriz <a href=\"https:\/\/es.wikipedia.org\/wiki\/Mar%C3%ADa_Le%C3%B3n_(actriz)\">Mar\u00eda Le\u00f3n<\/a>: Detienen a la actriz Mar\u00eda Le\u00f3n por propinar un pu\u00f1etazo a un polic\u00eda en Sevilla<\/p>\n<p>La Polic\u00eda Local de Sevilla ha detenido la pasada madrugada a la actriz sevillana Mar\u00eda Le\u00f3n, tras agredir.<\/p>\n<p>El cual fue presuntamente, a un agente que la conduc\u00eda a jefatura para ser identificada.<\/p>\n<p>Ademas que una vez que le fue requerida la documentaci\u00f3n en la calle durante una trifulca con una patrulla policial.<\/p>\n<p>Seg\u00fan han informado a\u00a0fuentes policiales, la pasada madrugada una patrulla de la Polic\u00eda Local dio el alto a un hombre.<\/p>\n<p>El cual mencionan que fue\u00a0que circulaba en una bicicleta con una copa de cristal en una mano.<\/p>\n<p>Cuando los agentes le estaban identificando, un grupo de personas, entre las que se encontraba la actriz.<\/p>\n<h4>Con esto, comenz\u00f3 a increparles, y, al parecer, la propia Mar\u00eda Le\u00f3n comenz\u00f3 a grabar la actuaci\u00f3n policial.<\/h4>\n<p>Al producirse insultos a los polic\u00edas, un agente le requiri\u00f3 la documentaci\u00f3n, a lo que no se neg\u00f3 pero no la llevaba encima.<\/p>\n<p>Por lo que fue introducida en un patrullero para trasladarla a una comisar\u00eda.<\/p>\n<p>Aunque en ese momento una de las personas que estaba con ella abri\u00f3 la puerta del coche para salir del veh\u00edculo.<\/p>\n<p>Despu\u00e9s de esto, presuntamente, agredir a uno de los polic\u00edas.<\/p>\n<p>Por estos hechos fue detenida.<\/p>\n<p>Por ende est\u00e1\u00a0tras pasar la noche custodiada ha sido trasladada a los juzgados de Sevilla para ser sometida a un juicio r\u00e1pido.<\/p>\n<p>El cual ademas, a donde ha llegado custodiada poco antes de las 12.00 horas.<\/p>\n","protected":false},"excerpt":{"rendered":"<p>La Polic\u00eda Local dio el alto a un hombre al que identificaba cuando un grupo de personas, entre las que se encontraba la actriz, comenz\u00f3 a increparles. La actriz Mar\u00eda Le\u00f3n: Detienen a la actriz Mar\u00eda Le\u00f3n por propinar un pu\u00f1etazo a un polic\u00eda en Sevilla La Polic\u00eda Local de Sevilla ha detenido la pasada [&hellip;]<\/p>\n","protected":false},"author":1,"featured_media":9461,"comment_status":"open","ping_status":"closed","sticky":false,"template":"","format":"standard","meta":{"footnotes":""},"categories":[5,8],"tags":[],"class_list":["post-9459","post","type-post","status-publish","format-standard","has-post-thumbnail","hentry","category-internacional","category-policia"],"_links":{"self":[{"href":"https:\/\/podernacional.com\/index.php?rest_route=\/wp\/v2\/posts\/9459","targetHints":{"allow":["GET"]}}],"collection":[{"href":"https:\/\/podernacional.com\/index.php?rest_route=\/wp\/v2\/posts"}],"about":[{"href":"https:\/\/podernacional.com\/index.php?rest_route=\/wp\/v2\/types\/post"}],"author":[{"embeddable":true,"href":"https:\/\/podernacional.com\/index.php?rest_route=\/wp\/v2\/users\/1"}],"replies":[{"embeddable":true,"href":"https:\/\/podernacional.com\/index.php?rest_route=%2Fwp%2Fv2%2Fcomments&post=9459"}],"version-history":[{"count":1,"href":"https:\/\/podernacional.com\/index.php?rest_route=\/wp\/v2\/posts\/9459\/revisions"}],"predecessor-version":[{"id":9460,"href":"https:\/\/podernacional.com\/index.php?rest_route=\/wp\/v2\/posts\/9459\/revisions\/9460"}],"wp:featuredmedia":[{"embeddable":true,"href":"https:\/\/podernacional.com\/index.php?rest_route=\/wp\/v2\/media\/9461"}],"wp:attachment":[{"href":"https:\/\/podernacional.com\/index.php?rest_route=%2Fwp%2Fv2%2Fmedia&parent=9459"}],"wp:term":[{"taxonomy":"category","embeddable":true,"href":"https:\/\/podernacional.com\/index.php?rest_route=%2Fwp%2Fv2%2Fcategories&post=9459"},{"taxonomy":"post_tag","embeddable":true,"href":"https:\/\/podernacional.com\/index.php?rest_route=%2Fwp%2Fv2%2Ftags&post=9459"}],"curies":[{"name":"wp","href":"https:\/\/api.w.org\/{rel}","templated":true}]}}