{"id":9462,"date":"2022-10-01T19:05:29","date_gmt":"2022-10-02T00:05:29","guid":{"rendered":"https:\/\/podernacional.com\/?p=9462"},"modified":"2022-10-02T00:05:30","modified_gmt":"2022-10-02T00:05:30","slug":"apertura-de-ichkabal-y-paamul-2-fortalecera-el-turismo-rural-lezama","status":"publish","type":"post","link":"https:\/\/podernacional.com\/?p=9462","title":{"rendered":"Apertura de Ichkabal y Paamul 2 fortalecer\u00e1 el turismo rural: Lezama"},"content":{"rendered":"<h4>Para lograrlo, la mandataria de QRoo inform\u00f3 que establecer\u00e1n mesas de trabajo<\/h4>\n<p>Apertura de Ichkabal y Paamul 2: Las zonas arqueol\u00f3gicas de Ichkabal y Paamul 2.<\/p>\n<p>Ademas\u00a0que se ubican en Quintana Roo y ser\u00e1n aperturadas por el gobierno de M\u00e9xico.<\/p>\n<p>Lo cual\u00a0permitir\u00e1n detonar el turismo rural e impulsar los empleos y el crecimiento econ\u00f3mico.<\/p>\n<p>Con esto se destac\u00f3 la gobernadora del estado, <a href=\"https:\/\/twitter.com\/MaraLezama\">Mara Lezama Espinosa. \u00a0<\/a><\/p>\n<p>La mandataria celebr\u00f3 el anuncio del presidente de M\u00e9xico de la apertura de 26 zonas arqueol\u00f3gicas a lo largo de la ruta del Tren Maya.<\/p>\n<p>Mencionan que\u00a0entre ellas dos nuevas que se encuentran en Quintana Roo.<\/p>\n<h4>Apunt\u00f3 que en la \u00faltima visita del Ejecutivo federal a Quintana Roo, le present\u00f3 el proyecto de los trabajos a realizar.<\/h4>\n<p>Esto\u00a0para que las zonas cuenten con los accesos y condiciones necesarias para el disfrute de las y los mexicanos.<\/p>\n<p>\u201cRecibimos el apoyo incondicional del presidente de M\u00e9xico, Andr\u00e9s Manuel L\u00f3pez Obrador, para lograr este objetivo\u201d.<\/p>\n<p>\u201cAdemas que\u00a0se suma a los esfuerzos para detonar al sur del pa\u00eds, una de las prioridades implementadas desde el inicio de su administraci\u00f3n\u201d, dijo.<\/p>\n<p>Mara Lezama se\u00f1al\u00f3 que para lograr el objetivo, el gobierno del estado trabaja de la mano con el Instituto Nacional de Antropolog\u00eda e Historia (INAH).<\/p>\n<p>Por ende, los habitantes de la zona y las dependencias estatales responsables.<\/p>\n<p>Por lo que se van a establecer mesas de trabajo y la creaci\u00f3n de la fundaci\u00f3n de parques.<\/p>\n<p>As\u00ed como de\u00a0museos de la Gran Costa Maya se puede integrar la unidad de servicios.<\/p>\n<p>Precis\u00f3 que en el caso de Ichkabal ya cuenta con senderos, se\u00f1alizaci\u00f3n y servicios b\u00e1sicos.<\/p>\n<p>Apertura de Ichkabal y Paamul 2<\/p>\n","protected":false},"excerpt":{"rendered":"<p>Para lograrlo, la mandataria de QRoo inform\u00f3 que establecer\u00e1n mesas de trabajo Apertura de Ichkabal y Paamul 2: Las zonas arqueol\u00f3gicas de Ichkabal y Paamul 2. Ademas\u00a0que se ubican en Quintana Roo y ser\u00e1n aperturadas por el gobierno de M\u00e9xico. Lo cual\u00a0permitir\u00e1n detonar el turismo rural e impulsar los empleos y el crecimiento econ\u00f3mico. Con [&hellip;]<\/p>\n","protected":false},"author":1,"featured_media":9464,"comment_status":"open","ping_status":"closed","sticky":false,"template":"","format":"standard","meta":{"footnotes":""},"categories":[7,9,10],"tags":[],"class_list":["post-9462","post","type-post","status-publish","format-standard","has-post-thumbnail","hentry","category-nacional","category-politica","category-quintana-roo"],"_links":{"self":[{"href":"https:\/\/podernacional.com\/index.php?rest_route=\/wp\/v2\/posts\/9462","targetHints":{"allow":["GET"]}}],"collection":[{"href":"https:\/\/podernacional.com\/index.php?rest_route=\/wp\/v2\/posts"}],"about":[{"href":"https:\/\/podernacional.com\/index.php?rest_route=\/wp\/v2\/types\/post"}],"author":[{"embeddable":true,"href":"https:\/\/podernacional.com\/index.php?rest_route=\/wp\/v2\/users\/1"}],"replies":[{"embeddable":true,"href":"https:\/\/podernacional.com\/index.php?rest_route=%2Fwp%2Fv2%2Fcomments&post=9462"}],"version-history":[{"count":1,"href":"https:\/\/podernacional.com\/index.php?rest_route=\/wp\/v2\/posts\/9462\/revisions"}],"predecessor-version":[{"id":9463,"href":"https:\/\/podernacional.com\/index.php?rest_route=\/wp\/v2\/posts\/9462\/revisions\/9463"}],"wp:featuredmedia":[{"embeddable":true,"href":"https:\/\/podernacional.com\/index.php?rest_route=\/wp\/v2\/media\/9464"}],"wp:attachment":[{"href":"https:\/\/podernacional.com\/index.php?rest_route=%2Fwp%2Fv2%2Fmedia&parent=9462"}],"wp:term":[{"taxonomy":"category","embeddable":true,"href":"https:\/\/podernacional.com\/index.php?rest_route=%2Fwp%2Fv2%2Fcategories&post=9462"},{"taxonomy":"post_tag","embeddable":true,"href":"https:\/\/podernacional.com\/index.php?rest_route=%2Fwp%2Fv2%2Ftags&post=9462"}],"curies":[{"name":"wp","href":"https:\/\/api.w.org\/{rel}","templated":true}]}}