{"id":9465,"date":"2022-10-01T19:13:50","date_gmt":"2022-10-02T00:13:50","guid":{"rendered":"https:\/\/podernacional.com\/?p=9465"},"modified":"2022-10-02T00:13:52","modified_gmt":"2022-10-02T00:13:52","slug":"kira-iris-san-nueva-secretaria-general-del-ayuntamiento-de-solidaridad","status":"publish","type":"post","link":"https:\/\/podernacional.com\/?p=9465","title":{"rendered":"Kira Iris San, nueva secretaria general del ayuntamiento de Solidaridad"},"content":{"rendered":"<h4>Aprueban iniciativa para declarar la charrer\u00eda como patrimonio cultural intangible<\/h4>\n<p>Kira Iris San: Lili Campos, presidente municipal de Solidaridad, tom\u00f3 protesta en la vig\u00e9sima quinta sesi\u00f3n ordinaria de Cabildo a Kira Iris San.<\/p>\n<p>La cual ahora est\u00e1 como titular de la secretar\u00eda general del ayuntamiento de Solidaridad, cuyo nombramiento fue respaldado por la mayor\u00eda de los regidores.<\/p>\n<p>La abogada, quien cumple con los requisitos legales para desempe\u00f1arse en el cargo.<\/p>\n<p>Ademas que se suma as\u00ed al equipo de la edil solidarense para continuar avanzando en la renovaci\u00f3n del municipio.<\/p>\n<p>Mencionan ademas que en las materias prioritarias de salud, seguridad, obra p\u00fablica y turismo, establecidas en el Plan de Desarrollo Municipal.<\/p>\n<p>En este sentido, se aprob\u00f3 la propuesta hist\u00f3rica con car\u00e1cter urgente y de obvia resoluci\u00f3n realizada por la mun\u00edcipe.<\/p>\n<h4>La cual est\u00e1 para conformar la primera Secretar\u00eda de Salud municipal.<\/h4>\n<p>Ademas la\u00a0cual ser\u00e1 \u00fanica a nivel estatal y coadyuvar\u00e1 a generar las condiciones para que el municipio celebre un convenio.<\/p>\n<p>Todo esto\u00a0a nivel estatal en beneficio de la salud y bienestar de los solidarenses.<\/p>\n<p>Lili Campos reiter\u00f3 que para su gobierno la salud es una prioridad, as\u00ed como la atenci\u00f3n a los sectores m\u00e1s vulnerables de la sociedad.<\/p>\n<p>Por tanto, en el Cabildo se propuso un nuevo reglamento del Instituto de la Juventud.<\/p>\n<p>El cual contaba con 15 a\u00f1os de rezago legislativo y que es resultado de mesas de trabajo realizadas con los j\u00f3venes solidarenses.<\/p>\n<p>Finalmente, para proteger el patrimonio vivo y la cultura del municipio de Solidaridad.<\/p>\n<p>Ademas que se aprob\u00f3 la iniciativa con proyecto de decreto que declara la charrer\u00eda como patrimonio cultural intangible del estado de Quintana Roo.<\/p>\n<p>\u201cLa charrer\u00eda es un orgullo para su presidenta municipal, para este municipio y para todos los que vivimos aqu\u00ed\u201d, reiter\u00f3 Lili Campos.<\/p>\n","protected":false},"excerpt":{"rendered":"<p>Aprueban iniciativa para declarar la charrer\u00eda como patrimonio cultural intangible Kira Iris San: Lili Campos, presidente municipal de Solidaridad, tom\u00f3 protesta en la vig\u00e9sima quinta sesi\u00f3n ordinaria de Cabildo a Kira Iris San. La cual ahora est\u00e1 como titular de la secretar\u00eda general del ayuntamiento de Solidaridad, cuyo nombramiento fue respaldado por la mayor\u00eda de [&hellip;]<\/p>\n","protected":false},"author":1,"featured_media":9467,"comment_status":"open","ping_status":"closed","sticky":false,"template":"","format":"standard","meta":{"footnotes":""},"categories":[6,9,10],"tags":[],"class_list":["post-9465","post","type-post","status-publish","format-standard","has-post-thumbnail","hentry","category-local","category-politica","category-quintana-roo"],"_links":{"self":[{"href":"https:\/\/podernacional.com\/index.php?rest_route=\/wp\/v2\/posts\/9465","targetHints":{"allow":["GET"]}}],"collection":[{"href":"https:\/\/podernacional.com\/index.php?rest_route=\/wp\/v2\/posts"}],"about":[{"href":"https:\/\/podernacional.com\/index.php?rest_route=\/wp\/v2\/types\/post"}],"author":[{"embeddable":true,"href":"https:\/\/podernacional.com\/index.php?rest_route=\/wp\/v2\/users\/1"}],"replies":[{"embeddable":true,"href":"https:\/\/podernacional.com\/index.php?rest_route=%2Fwp%2Fv2%2Fcomments&post=9465"}],"version-history":[{"count":1,"href":"https:\/\/podernacional.com\/index.php?rest_route=\/wp\/v2\/posts\/9465\/revisions"}],"predecessor-version":[{"id":9466,"href":"https:\/\/podernacional.com\/index.php?rest_route=\/wp\/v2\/posts\/9465\/revisions\/9466"}],"wp:featuredmedia":[{"embeddable":true,"href":"https:\/\/podernacional.com\/index.php?rest_route=\/wp\/v2\/media\/9467"}],"wp:attachment":[{"href":"https:\/\/podernacional.com\/index.php?rest_route=%2Fwp%2Fv2%2Fmedia&parent=9465"}],"wp:term":[{"taxonomy":"category","embeddable":true,"href":"https:\/\/podernacional.com\/index.php?rest_route=%2Fwp%2Fv2%2Fcategories&post=9465"},{"taxonomy":"post_tag","embeddable":true,"href":"https:\/\/podernacional.com\/index.php?rest_route=%2Fwp%2Fv2%2Ftags&post=9465"}],"curies":[{"name":"wp","href":"https:\/\/api.w.org\/{rel}","templated":true}]}}