{"id":9489,"date":"2022-10-03T19:16:04","date_gmt":"2022-10-04T00:16:04","guid":{"rendered":"https:\/\/podernacional.com\/?p=9489"},"modified":"2022-10-04T00:16:06","modified_gmt":"2022-10-04T00:16:06","slug":"arranca-en-zacatecas-la-campana-de-vacunacion-contra-la-influenza","status":"publish","type":"post","link":"https:\/\/podernacional.com\/?p=9489","title":{"rendered":"Arranca en Zacatecas la campa\u00f1a de vacunaci\u00f3n contra la influenza"},"content":{"rendered":"<h4>El biol\u00f3gico est\u00e1 destinado a menores de 5 a\u00f1os, mayores de 65, pacientes con inmunodepresi\u00f3n y personal de salud<\/h4>\n<p>Campa\u00f1a de vacunaci\u00f3n: La vacuna est\u00e1 disponible a partir del 01 de octubre de 2022 y hasta el 31 de marzo de 2023<\/p>\n<p>Acorde a las pol\u00edticas p\u00fablicas que implementan los gobiernos de Zacatecas y de M\u00e9xico para proteger la salud y el bienestar de la poblaci\u00f3n.<\/p>\n<p>Lo cual arranc\u00f3 en la entidad la campa\u00f1a de vacunaci\u00f3n contra la influenza, la cual estar\u00e1 vigente hasta el 31 de marzo de 2023.<\/p>\n<p>Uswaldo Pinedo Barrios, titular de la Secretaria de Salud (SSZ), habl\u00f3 de la importancia de cuidar a los sectores vulnerables ante esta enfermedad.<\/p>\n<p>Lo cual es como son los menores de 5 a\u00f1os, mayores de 65, embarazadas, personal de salud y pacientes con inmunodepresi\u00f3n.<\/p>\n<p>Puntualiz\u00f3 que este a\u00f1o la vacuna brinda protecci\u00f3n contra tres cepas de influenza:<\/p>\n<p>Dos tipo A y una tipo B, para cumplir con la recomendaci\u00f3n de la Organizaci\u00f3n Mundial de la Salud (OMS).<\/p>\n<h4>En dicha campa\u00f1a participan los institutos Mexicano del Seguro Social (IMSS).<\/h4>\n<p>As\u00ed como de Seguridad y Servicios Sociales para los Trabajadores del Estado (ISSSTE), as\u00ed como la Secretar\u00eda de la Defensa Nacional (Sedena).<\/p>\n<p>En lo que va del 2022, seg\u00fan datos del Sistema de Vigilancia Epidemiol\u00f3gica de Enfermedades Respiratorias Virales.<\/p>\n<p>Ademas que se han detectado en Zacatecas 351 casos positivos.<\/p>\n<p>De los cuales, el 3.7 por ciento corresponden a Influenza tipo A y el 96.7 por ciento al tipo AH3.<\/p>\n<p>El grupo de edad predominante en el que se presentan es de 20 a 25 a\u00f1os.<\/p>\n<p>Mientras, entre los grupos de riesgo, se detectaron 13 embarazadas, nueve casos en menores de 5 a\u00f1os y 20 casos en mayores de 65 a\u00f1os.<\/p>\n<p>De acuerdo, al municipio de residencia, predominaron los casos en Guadalupe, Zacatecas y Fresnillo.<\/p>\n<p>La influenza es una enfermedad contagiosa que afecta principalmente a la nariz, garganta, bronquios y, ocasionalmente.<\/p>\n<p>Al igual que de pulmones, causada por un virus que se transmite al toser o estornudar.<\/p>\n<p>Las complicaciones de esta enfermedad pueden llevar a la hospitalizaci\u00f3n e incluso provocar la muerte.<\/p>\n<p>Tambi\u00e9n puede causar complicaciones en enfermedades cr\u00f3nico-degenerativas como la diabetes, el asma y enfermedades card\u00edacas o pulmonares.<\/p>\n","protected":false},"excerpt":{"rendered":"<p>El biol\u00f3gico est\u00e1 destinado a menores de 5 a\u00f1os, mayores de 65, pacientes con inmunodepresi\u00f3n y personal de salud Campa\u00f1a de vacunaci\u00f3n: La vacuna est\u00e1 disponible a partir del 01 de octubre de 2022 y hasta el 31 de marzo de 2023 Acorde a las pol\u00edticas p\u00fablicas que implementan los gobiernos de Zacatecas y de [&hellip;]<\/p>\n","protected":false},"author":1,"featured_media":9491,"comment_status":"open","ping_status":"closed","sticky":false,"template":"","format":"standard","meta":{"footnotes":""},"categories":[7,11],"tags":[],"class_list":["post-9489","post","type-post","status-publish","format-standard","has-post-thumbnail","hentry","category-nacional","category-salud"],"_links":{"self":[{"href":"https:\/\/podernacional.com\/index.php?rest_route=\/wp\/v2\/posts\/9489","targetHints":{"allow":["GET"]}}],"collection":[{"href":"https:\/\/podernacional.com\/index.php?rest_route=\/wp\/v2\/posts"}],"about":[{"href":"https:\/\/podernacional.com\/index.php?rest_route=\/wp\/v2\/types\/post"}],"author":[{"embeddable":true,"href":"https:\/\/podernacional.com\/index.php?rest_route=\/wp\/v2\/users\/1"}],"replies":[{"embeddable":true,"href":"https:\/\/podernacional.com\/index.php?rest_route=%2Fwp%2Fv2%2Fcomments&post=9489"}],"version-history":[{"count":1,"href":"https:\/\/podernacional.com\/index.php?rest_route=\/wp\/v2\/posts\/9489\/revisions"}],"predecessor-version":[{"id":9490,"href":"https:\/\/podernacional.com\/index.php?rest_route=\/wp\/v2\/posts\/9489\/revisions\/9490"}],"wp:featuredmedia":[{"embeddable":true,"href":"https:\/\/podernacional.com\/index.php?rest_route=\/wp\/v2\/media\/9491"}],"wp:attachment":[{"href":"https:\/\/podernacional.com\/index.php?rest_route=%2Fwp%2Fv2%2Fmedia&parent=9489"}],"wp:term":[{"taxonomy":"category","embeddable":true,"href":"https:\/\/podernacional.com\/index.php?rest_route=%2Fwp%2Fv2%2Fcategories&post=9489"},{"taxonomy":"post_tag","embeddable":true,"href":"https:\/\/podernacional.com\/index.php?rest_route=%2Fwp%2Fv2%2Ftags&post=9489"}],"curies":[{"name":"wp","href":"https:\/\/api.w.org\/{rel}","templated":true}]}}