{"id":9495,"date":"2022-10-03T19:35:38","date_gmt":"2022-10-04T00:35:38","guid":{"rendered":"https:\/\/podernacional.com\/?p=9495"},"modified":"2022-10-04T00:35:40","modified_gmt":"2022-10-04T00:35:40","slug":"participaran-mas-de-40-empresas-de-zacatecas-en-el-primer-bazar-creativo","status":"publish","type":"post","link":"https:\/\/podernacional.com\/?p=9495","title":{"rendered":"Participar\u00e1n m\u00e1s de 40 empresas de Zacatecas en el primer Bazar Creativo"},"content":{"rendered":"<h4>En un programa especial que se desarrollar\u00e1 el viernes 14 de octubre, de 17:00 a 22:00 horas, en el Jard\u00edn de las Esculturas del IZC<\/h4>\n<p>Bazar Creativo: Organiza el Gobierno de Zacatecas, a trav\u00e9s del Instituto Zacatecano de Cultura y el Centro Estatal de las Artes<\/p>\n<p>Se contar\u00e1 con un programa art\u00edstico que contempla la actuaci\u00f3n del Coro Infantil del IZC, Orquesta de Cuerdas Comunitaria, Mon Blues, Isk Bonzzai y Septem<\/p>\n<p>M\u00e1s de 40 empresas creativas de la entidad ofrecer\u00e1n sus productos en el primer Bazar Creativo organizado por el Gobierno de Zacatecas.<\/p>\n<p>Esto a trav\u00e9s del Instituto Zacatecano de Cultura (IZC) \u201cRam\u00f3n L\u00f3pez Velarde\u201d y el Centro Estatal de las Artes de Zacatecas (Ceart).<\/p>\n<p>El cual es en un evento especial que contar\u00e1 con un programa art\u00edstico-cultural.<\/p>\n<p>En conferencia de prensa, la directora del IZC, Mar\u00eda de Jes\u00fas Mu\u00f1oz Reyes, acompa\u00f1ada de Sergio Salinas Mart\u00ednez.<\/p>\n<p>El cual es director del Centro Estatal de las Artes, dio a conocer lo anterior y detall\u00f3 que:<\/p>\n<p>A nivel internacional, tienen mucho auge este tipo de actividades.<\/p>\n<h4>Ademas, que son vistas como una ventana de desarrollo; en este caso, no s\u00f3lo para para M\u00e9xico sino tambi\u00e9n para Zacatecas.<\/h4>\n<p>De aqu\u00ed deriva el Bazar Creativo que se ha venido estructurando desde hace varios meses, puntualiz\u00f3.<\/p>\n<p>Cuenta con la colaboraci\u00f3n de las diferentes \u00e1reas del Instituto Zacatecano de Cultura.<\/p>\n<p>Esto bajo la organizaci\u00f3n del Centro Estatal de las Artes que, adem\u00e1s de ser un proyecto muy pertinente.<\/p>\n<p>Ademas que viene a cubrir muchas necesidades y en el que adem\u00e1s confluyen muchas voluntades.<\/p>\n<p>As\u00ed que -a\u00f1adi\u00f3- este Bazar Creativo se realiza especialmente para los zacatecanos.<\/p>\n<p>As\u00ed como para las industrias creativas de Zacatecas a partir de la emisi\u00f3n de una convocatoria.<\/p>\n<p>Por ende de la que fueron seleccionados 46 participantes.<\/p>\n<p>Ademas de quienes estar\u00e1n presentando sus productos el viernes 14 de octubre, de 17:00 a 22:00 horas, en el Jard\u00edn de las Esculturas del IZC.<\/p>\n<p>Este evento, que incluye la exposici\u00f3n de productos hechos por manos de artistas y creadores zacatecanos.<\/p>\n<p>Ademas que estar\u00e1 acompa\u00f1ado de un programa art\u00edstico que har\u00e1 m\u00e1s amena la participaci\u00f3n de quienes lo visiten.<\/p>\n","protected":false},"excerpt":{"rendered":"<p>En un programa especial que se desarrollar\u00e1 el viernes 14 de octubre, de 17:00 a 22:00 horas, en el Jard\u00edn de las Esculturas del IZC Bazar Creativo: Organiza el Gobierno de Zacatecas, a trav\u00e9s del Instituto Zacatecano de Cultura y el Centro Estatal de las Artes Se contar\u00e1 con un programa art\u00edstico que contempla la [&hellip;]<\/p>\n","protected":false},"author":1,"featured_media":9497,"comment_status":"open","ping_status":"closed","sticky":false,"template":"","format":"standard","meta":{"footnotes":""},"categories":[2,7],"tags":[],"class_list":["post-9495","post","type-post","status-publish","format-standard","has-post-thumbnail","hentry","category-cultural","category-nacional"],"_links":{"self":[{"href":"https:\/\/podernacional.com\/index.php?rest_route=\/wp\/v2\/posts\/9495","targetHints":{"allow":["GET"]}}],"collection":[{"href":"https:\/\/podernacional.com\/index.php?rest_route=\/wp\/v2\/posts"}],"about":[{"href":"https:\/\/podernacional.com\/index.php?rest_route=\/wp\/v2\/types\/post"}],"author":[{"embeddable":true,"href":"https:\/\/podernacional.com\/index.php?rest_route=\/wp\/v2\/users\/1"}],"replies":[{"embeddable":true,"href":"https:\/\/podernacional.com\/index.php?rest_route=%2Fwp%2Fv2%2Fcomments&post=9495"}],"version-history":[{"count":1,"href":"https:\/\/podernacional.com\/index.php?rest_route=\/wp\/v2\/posts\/9495\/revisions"}],"predecessor-version":[{"id":9496,"href":"https:\/\/podernacional.com\/index.php?rest_route=\/wp\/v2\/posts\/9495\/revisions\/9496"}],"wp:featuredmedia":[{"embeddable":true,"href":"https:\/\/podernacional.com\/index.php?rest_route=\/wp\/v2\/media\/9497"}],"wp:attachment":[{"href":"https:\/\/podernacional.com\/index.php?rest_route=%2Fwp%2Fv2%2Fmedia&parent=9495"}],"wp:term":[{"taxonomy":"category","embeddable":true,"href":"https:\/\/podernacional.com\/index.php?rest_route=%2Fwp%2Fv2%2Fcategories&post=9495"},{"taxonomy":"post_tag","embeddable":true,"href":"https:\/\/podernacional.com\/index.php?rest_route=%2Fwp%2Fv2%2Ftags&post=9495"}],"curies":[{"name":"wp","href":"https:\/\/api.w.org\/{rel}","templated":true}]}}