{"id":9501,"date":"2022-10-04T16:47:04","date_gmt":"2022-10-04T21:47:04","guid":{"rendered":"https:\/\/podernacional.com\/?p=9501"},"modified":"2022-10-04T21:47:06","modified_gmt":"2022-10-04T21:47:06","slug":"llegara-a-paseo-de-la-reforma-festival-flores-de-otono","status":"publish","type":"post","link":"https:\/\/podernacional.com\/?p=9501","title":{"rendered":"Llegar\u00e1 a Paseo de la Reforma \u201cFestival Flores de Oto\u00f1o\u201d"},"content":{"rendered":"<h4>M\u00e1s de 120 floricultores de la Ciudad de M\u00e9xico, as\u00ed como 16 m\u00e1s provenientes de Hidalgo, Tlaxcala, Puebla y Veracruz.<\/h4>\n<p>Festival Flores de Oto\u00f1o: De los cuales se ofrecer\u00e1n variedad de plantas de temporada, producidas en Suelo de Conservaci\u00f3n<\/p>\n<ul>\n<li>Se montar\u00e1 un invernadero real y portadas florales de los pueblos originarios de la Ciudad de M\u00e9xico.<\/li>\n<\/ul>\n<p>Ademas que\u00a0para las y los capitalinos conozcan la labor que se realiza en la zona chinampera del Suelo de Conservaci\u00f3n<\/p>\n<p>En apoyo de los productores del Suelo de Conservaci\u00f3n de la Ciudad de M\u00e9xico.<\/p>\n<p>Con esto,\u00a0la Secretar\u00eda del Medio Ambiente (Sedema) de la Ciudad de M\u00e9xico, a trav\u00e9s de la Comisi\u00f3n de Recursos Naturales.<\/p>\n<p>Al igual que el Desarrollo Rural (Corenadr), pondr\u00e1 al alcance de las y los capitalinos el:<\/p>\n<p>\u201cFestival Flores de Oto\u00f1o\u201d, que se realizar\u00e1 del 6 al 9 de octubre, en Paseo de la Reforma.<\/p>\n<p>Esto\u00a0entre las calles Estocolmo, Amberes, Belgrado, G\u00e9nova, Copenhague, R\u00edo Serna y R\u00edo Danubio.<\/p>\n<h4>En el Festival, que iniciar\u00e1 a las 10:00 horas y concluir\u00e1 a las 20:00 horas.<\/h4>\n<p>De los cuales\u00a0participar\u00e1n m\u00e1s de 120 floricultores de la Ciudad de M\u00e9xico.<\/p>\n<p>As\u00ed como 16 m\u00e1s provenientes de los estados de:<\/p>\n<p>Hidalgo, Tlaxcala, Puebla y Veracruz, quienes ofrecer\u00e1n variedad de plantas como suculentas, cempas\u00fachil, rosales, orqu\u00eddeas, aretillos.<\/p>\n<p>Al igual que\u00a0carn\u00edvoras, Malv\u00f3n, Azalea, Begonia, Belen, Dalia, Duranta, Irosine, Violeta, Anturio, Alcatraz, Agapando.<\/p>\n<p>As\u00ed como de Bandera espa\u00f1ola, Roc\u00edo, Trueno de Venus, Lantana, Cuna de Mois\u00e9s, cact\u00e1ceas y arom\u00e1ticas.<\/p>\n<p>El evento, que es organizado por la Corenadr en colaboraci\u00f3n con la Secretar\u00eda de Turismo capitalina.<\/p>\n<p>Esto ademas forma parte de las estrategias que impulsa la Jefa de Gobierno, Claudia Sheinbaum.<\/p>\n<p>El cual busca\u00a0para fortalecer la producci\u00f3n y comercializaci\u00f3n de productos agr\u00edcolas del Suelo de Conservaci\u00f3n.<\/p>\n<h4>Menciona que es\u00a0mediante el programa Alt\u00e9petl Bienestar.<\/h4>\n<p>El cual es una\u00a0iniciativa que promueve el cuidado de los recursos naturales mientras se generan proyectos productivos sustentables.<\/p>\n<p>De los cuales\u00a0dan bienestar a las comunidades rurales.<\/p>\n<p>Con la intenci\u00f3n de que los visitantes conozcan la labor que se realiza en la zona chinampera del Suelo de Conservaci\u00f3n.<\/p>\n<p>Por ende, el Festival contar\u00e1 con un invernadero real, as\u00ed como decoraci\u00f3n con portadas florales y elementos t\u00edpicos de los pueblos originarios de la ciudad.<\/p>\n<p>La Secretar\u00eda del Medio Ambiente refrenda su compromiso con la ciudadan\u00eda para garantizar su derecho a un medio ambiente sano.<\/p>\n<p>Por ende, a\u00a0trav\u00e9s de la DGCORENADR continuar\u00e1 apoyando a las y los productores de la zona chinampera de la ciudad.<\/p>\n<p>&nbsp;<\/p>\n","protected":false},"excerpt":{"rendered":"<p>M\u00e1s de 120 floricultores de la Ciudad de M\u00e9xico, as\u00ed como 16 m\u00e1s provenientes de Hidalgo, Tlaxcala, Puebla y Veracruz. Festival Flores de Oto\u00f1o: De los cuales se ofrecer\u00e1n variedad de plantas de temporada, producidas en Suelo de Conservaci\u00f3n Se montar\u00e1 un invernadero real y portadas florales de los pueblos originarios de la Ciudad de [&hellip;]<\/p>\n","protected":false},"author":1,"featured_media":9503,"comment_status":"open","ping_status":"closed","sticky":false,"template":"","format":"standard","meta":{"footnotes":""},"categories":[2,5],"tags":[],"class_list":["post-9501","post","type-post","status-publish","format-standard","has-post-thumbnail","hentry","category-cultural","category-internacional"],"_links":{"self":[{"href":"https:\/\/podernacional.com\/index.php?rest_route=\/wp\/v2\/posts\/9501","targetHints":{"allow":["GET"]}}],"collection":[{"href":"https:\/\/podernacional.com\/index.php?rest_route=\/wp\/v2\/posts"}],"about":[{"href":"https:\/\/podernacional.com\/index.php?rest_route=\/wp\/v2\/types\/post"}],"author":[{"embeddable":true,"href":"https:\/\/podernacional.com\/index.php?rest_route=\/wp\/v2\/users\/1"}],"replies":[{"embeddable":true,"href":"https:\/\/podernacional.com\/index.php?rest_route=%2Fwp%2Fv2%2Fcomments&post=9501"}],"version-history":[{"count":1,"href":"https:\/\/podernacional.com\/index.php?rest_route=\/wp\/v2\/posts\/9501\/revisions"}],"predecessor-version":[{"id":9502,"href":"https:\/\/podernacional.com\/index.php?rest_route=\/wp\/v2\/posts\/9501\/revisions\/9502"}],"wp:featuredmedia":[{"embeddable":true,"href":"https:\/\/podernacional.com\/index.php?rest_route=\/wp\/v2\/media\/9503"}],"wp:attachment":[{"href":"https:\/\/podernacional.com\/index.php?rest_route=%2Fwp%2Fv2%2Fmedia&parent=9501"}],"wp:term":[{"taxonomy":"category","embeddable":true,"href":"https:\/\/podernacional.com\/index.php?rest_route=%2Fwp%2Fv2%2Fcategories&post=9501"},{"taxonomy":"post_tag","embeddable":true,"href":"https:\/\/podernacional.com\/index.php?rest_route=%2Fwp%2Fv2%2Ftags&post=9501"}],"curies":[{"name":"wp","href":"https:\/\/api.w.org\/{rel}","templated":true}]}}