{"id":9516,"date":"2022-10-04T18:37:10","date_gmt":"2022-10-04T23:37:10","guid":{"rendered":"https:\/\/podernacional.com\/?p=9516"},"modified":"2022-10-04T23:37:12","modified_gmt":"2022-10-04T23:37:12","slug":"llegan-a-zacatecas-mas-de-250-especialistas-en-geriatria","status":"publish","type":"post","link":"https:\/\/podernacional.com\/?p=9516","title":{"rendered":"Llegan a Zacatecas m\u00e1s de 250 especialistas en geriatr\u00eda"},"content":{"rendered":"<h4>En su 3er Congreso Regional, con sede en el Teatro Fernando Calder\u00f3n, realizar\u00e1n actividades del 6 al 8 de octubre<\/h4>\n<p>Geriatr\u00eda: Participan profesionales provenientes de Aguascalientes, Guanajuato, Quer\u00e9taro, San Luis Potos\u00ed y Zacatecas<\/p>\n<p><a href=\"https:\/\/www.zacatecas.gob.mx\/\">Zacatecas<\/a>, Zac., Octubre de 2022.- M\u00e1s de 250 m\u00e9dicos especialistas en las enfermedades de adultos mayores, provenientes de:<\/p>\n<p>Aguascalientes, Guanajuato, Quer\u00e9taro y San Luis Potos\u00ed, sesionar\u00e1n en Zacatecas, del 6 al 8 de octubre.<\/p>\n<p>Esto\u00a0como parte de los trabajos del 3er Congreso Regional Centro-Baj\u00edo de Geriatr\u00eda y Gerontolog\u00eda.<\/p>\n<p>Le Roy Barrag\u00e1n Ocampo, secretario de Turismo, inform\u00f3 de esta actividad que se realizar\u00e1 en la capital del estado.<\/p>\n<h4>Al igual que bajo la organizaci\u00f3n de la Asociaci\u00f3n de Gerontolog\u00eda y Geriatr\u00eda de Zacatecas.<\/h4>\n<p>Esto\u00a0como parte del impulso que la nueva gobernanza brinda a la atracci\u00f3n del turismo de reuniones.<\/p>\n<p>Para ello, dijo, el Gobernador David Monreal \u00c1vila busca ofrecer las condiciones necesarias para que se desarrollen congresos.<\/p>\n<p>Al igual que de\u00a0convenciones, viajes de incentivo y todos aquellos eventos que conforman dicho segmento.<\/p>\n<p>Del 6 al 8 de octubre del presente a\u00f1o, con sede el Teatro Fernando Calder\u00f3n, las y los especialistas revisar\u00e1n temas para mejorar la atenci\u00f3n.<\/p>\n<p>Esto al que requieren los adultos mayores.<\/p>\n<p>Ademas que tendr\u00e1n la oportunidad de conocer los productos y las experiencias tur\u00edsticas que ofrece la ciudad colonial m\u00e1s bonita de M\u00e9xico.<\/p>\n<p>En su intervenci\u00f3n, las y los representantes de la Asociaci\u00f3n de Gerontolog\u00eda.<\/p>\n<p>Al igual que de las\u00a0Geriatr\u00eda de Zacatecas agradecieron cada una de las atenciones y facilidades para que este congreso sea posible.<\/p>\n","protected":false},"excerpt":{"rendered":"<p>En su 3er Congreso Regional, con sede en el Teatro Fernando Calder\u00f3n, realizar\u00e1n actividades del 6 al 8 de octubre Geriatr\u00eda: Participan profesionales provenientes de Aguascalientes, Guanajuato, Quer\u00e9taro, San Luis Potos\u00ed y Zacatecas Zacatecas, Zac., Octubre de 2022.- M\u00e1s de 250 m\u00e9dicos especialistas en las enfermedades de adultos mayores, provenientes de: Aguascalientes, Guanajuato, Quer\u00e9taro y [&hellip;]<\/p>\n","protected":false},"author":1,"featured_media":9518,"comment_status":"open","ping_status":"closed","sticky":false,"template":"","format":"standard","meta":{"footnotes":""},"categories":[7,9],"tags":[],"class_list":["post-9516","post","type-post","status-publish","format-standard","has-post-thumbnail","hentry","category-nacional","category-politica"],"_links":{"self":[{"href":"https:\/\/podernacional.com\/index.php?rest_route=\/wp\/v2\/posts\/9516","targetHints":{"allow":["GET"]}}],"collection":[{"href":"https:\/\/podernacional.com\/index.php?rest_route=\/wp\/v2\/posts"}],"about":[{"href":"https:\/\/podernacional.com\/index.php?rest_route=\/wp\/v2\/types\/post"}],"author":[{"embeddable":true,"href":"https:\/\/podernacional.com\/index.php?rest_route=\/wp\/v2\/users\/1"}],"replies":[{"embeddable":true,"href":"https:\/\/podernacional.com\/index.php?rest_route=%2Fwp%2Fv2%2Fcomments&post=9516"}],"version-history":[{"count":1,"href":"https:\/\/podernacional.com\/index.php?rest_route=\/wp\/v2\/posts\/9516\/revisions"}],"predecessor-version":[{"id":9517,"href":"https:\/\/podernacional.com\/index.php?rest_route=\/wp\/v2\/posts\/9516\/revisions\/9517"}],"wp:featuredmedia":[{"embeddable":true,"href":"https:\/\/podernacional.com\/index.php?rest_route=\/wp\/v2\/media\/9518"}],"wp:attachment":[{"href":"https:\/\/podernacional.com\/index.php?rest_route=%2Fwp%2Fv2%2Fmedia&parent=9516"}],"wp:term":[{"taxonomy":"category","embeddable":true,"href":"https:\/\/podernacional.com\/index.php?rest_route=%2Fwp%2Fv2%2Fcategories&post=9516"},{"taxonomy":"post_tag","embeddable":true,"href":"https:\/\/podernacional.com\/index.php?rest_route=%2Fwp%2Fv2%2Ftags&post=9516"}],"curies":[{"name":"wp","href":"https:\/\/api.w.org\/{rel}","templated":true}]}}