{"id":9525,"date":"2022-10-04T19:12:01","date_gmt":"2022-10-05T00:12:01","guid":{"rendered":"https:\/\/podernacional.com\/?p=9525"},"modified":"2022-10-05T00:12:03","modified_gmt":"2022-10-05T00:12:03","slug":"gestiona-mara-lezama-sucursales-del-banco-bienestar-para-qroo","status":"publish","type":"post","link":"https:\/\/podernacional.com\/?p=9525","title":{"rendered":"Gestiona Mara Lezama sucursales del Banco Bienestar para QRoo"},"content":{"rendered":"<h4>Las negociaciones son para que cada municipio cuente con al menos una filial<\/h4>\n<p>Banco Bienestar: La gobernadora de Quintana Roo, <a href=\"https:\/\/twitter.com\/maralezama\">Mara Lezama.<\/a><\/p>\n<p>Mencionan que se reuni\u00f3 el lunes 3 de octubre en la Ciudad de M\u00e9xico con la secretaria del Bienestar, Ariadna Montiel Reyes.<\/p>\n<p>Al igual que\u00a0para gestionar que en cada uno de los municipios se cuente con por lo menos una sucursal del Banco de Bienestar.<\/p>\n<p>Esto, lo que evitar\u00e1 traslados de un municipio a otro y un gasto econ\u00f3mico.<\/p>\n<p>De igual manera, acordaron avanzar en la universalizaci\u00f3n de pensi\u00f3n para personas con discapacidad.<\/p>\n<h4>Esto con apoyo del gobierno del estado y el gobierno de M\u00e9xico.<\/h4>\n<p>Adem\u00e1s, propuso que se otorgue apoyo de fertilizantes para quienes forman parte del censo de agricultores del programa producci\u00f3n para el bienestar.<\/p>\n<p>\u201cLa buena relaci\u00f3n y el trabajo coordinado del gobierno de Quintana Roo\u201d.<\/p>\n<p>\u201cMencionan que con la administraci\u00f3n federal tiene como resultado el establecimiento de tres l\u00edneas de acci\u00f3n que beneficiar\u00e1n a la poblaci\u00f3n\u201d.<\/p>\n<p>\u201cEsto\u00a0con mayores apoyos sociales que permitan reducir las brechas de desigualdad y que lleguen a quienes lo necesiten en el estado\u201d, destac\u00f3 la gobernadora.<\/p>\n<p>\u201cTener los mismos ideales de servir al pueblo sin duda nos ayudar\u00e1n a dar resultados m\u00e1s r\u00e1pido a los quintanarroenses\u00bb, a\u00f1adi\u00f3.<\/p>\n<p>Por su parte, la secretaria del Bienestar, Ariadna Montiel, destac\u00f3 el inter\u00e9s de Mara Lezama Espinosa, para apoyar a la poblaci\u00f3n.<\/p>\n<p>Gestiona Mara Lezama sucursales del Banco Bienestar para QRoo<\/p>\n","protected":false},"excerpt":{"rendered":"<p>Las negociaciones son para que cada municipio cuente con al menos una filial Banco Bienestar: La gobernadora de Quintana Roo, Mara Lezama. Mencionan que se reuni\u00f3 el lunes 3 de octubre en la Ciudad de M\u00e9xico con la secretaria del Bienestar, Ariadna Montiel Reyes. Al igual que\u00a0para gestionar que en cada uno de los municipios [&hellip;]<\/p>\n","protected":false},"author":1,"featured_media":9527,"comment_status":"open","ping_status":"closed","sticky":false,"template":"","format":"standard","meta":{"footnotes":""},"categories":[6,9,10,11],"tags":[],"class_list":["post-9525","post","type-post","status-publish","format-standard","has-post-thumbnail","hentry","category-local","category-politica","category-quintana-roo","category-salud"],"_links":{"self":[{"href":"https:\/\/podernacional.com\/index.php?rest_route=\/wp\/v2\/posts\/9525","targetHints":{"allow":["GET"]}}],"collection":[{"href":"https:\/\/podernacional.com\/index.php?rest_route=\/wp\/v2\/posts"}],"about":[{"href":"https:\/\/podernacional.com\/index.php?rest_route=\/wp\/v2\/types\/post"}],"author":[{"embeddable":true,"href":"https:\/\/podernacional.com\/index.php?rest_route=\/wp\/v2\/users\/1"}],"replies":[{"embeddable":true,"href":"https:\/\/podernacional.com\/index.php?rest_route=%2Fwp%2Fv2%2Fcomments&post=9525"}],"version-history":[{"count":1,"href":"https:\/\/podernacional.com\/index.php?rest_route=\/wp\/v2\/posts\/9525\/revisions"}],"predecessor-version":[{"id":9526,"href":"https:\/\/podernacional.com\/index.php?rest_route=\/wp\/v2\/posts\/9525\/revisions\/9526"}],"wp:featuredmedia":[{"embeddable":true,"href":"https:\/\/podernacional.com\/index.php?rest_route=\/wp\/v2\/media\/9527"}],"wp:attachment":[{"href":"https:\/\/podernacional.com\/index.php?rest_route=%2Fwp%2Fv2%2Fmedia&parent=9525"}],"wp:term":[{"taxonomy":"category","embeddable":true,"href":"https:\/\/podernacional.com\/index.php?rest_route=%2Fwp%2Fv2%2Fcategories&post=9525"},{"taxonomy":"post_tag","embeddable":true,"href":"https:\/\/podernacional.com\/index.php?rest_route=%2Fwp%2Fv2%2Ftags&post=9525"}],"curies":[{"name":"wp","href":"https:\/\/api.w.org\/{rel}","templated":true}]}}