{"id":9528,"date":"2022-10-04T19:20:09","date_gmt":"2022-10-05T00:20:09","guid":{"rendered":"https:\/\/podernacional.com\/?p=9528"},"modified":"2022-10-05T00:20:12","modified_gmt":"2022-10-05T00:20:12","slug":"organizan-conferencias-en-el-marco-del-dia-internacional-de-la-salud-mental-en-el-congreso","status":"publish","type":"post","link":"https:\/\/podernacional.com\/?p=9528","title":{"rendered":"Organizan conferencias en el marco del D\u00eda Internacional de la Salud Mental, en el Congreso"},"content":{"rendered":"<h4>Las conferencias se desarrollar\u00e1n en el pleno del Poder Legislativo, y estar\u00e1n a cargo de Miguel Enrique Castillo Ensch.<\/h4>\n<p>D\u00eda Internacional de la Salud Mental: Ademas que el, jefe del Servicio de Psicolog\u00eda del Hospital Materno Infantil Las conferencias se desarrollar\u00e1n en el pleno del Poder Legislativo.<\/p>\n<p>Al igual que\u00a0estar\u00e1n a cargo de Miguel Enrique Castillo Ensch, jefe del Servicio de Psicolog\u00eda del Hospital Materno Infantil<\/p>\n<p>La Sexag\u00e9sima Legislatura del Congreso del Estado de Colima.<\/p>\n<p>Lo cual se\u00a0invita a la poblaci\u00f3n en general a 2 conferencias que habr\u00e1n de desarrollarse este viernes a partir de las 12:30 del d\u00eda.<\/p>\n<p>Esto\u00a0en el marco del D\u00eda Internacional de la Salud Mental, seg\u00fan lo dio a conocer la secretaria general del Congreso local, Carmen Virgen Quiles.<\/p>\n<p>Las conferencias se desarrollar\u00e1n en el pleno del Poder Legislativo, y estar\u00e1n a cargo de Miguel Enrique Castillo Ensch.<\/p>\n<p>El cual es, jefe del Servicio de Psicolog\u00eda del Hospital Materno Infantil, denominadas:<\/p>\n<h4>\u201cS\u00edndrome de burnout\u201d y \u201cCrisis psicol\u00f3gicas, el impacto de los sismos y la pandemia de la salud mental\u201d.<\/h4>\n<p>Todo esto\u00a0en el marco del D\u00eda de la Salud Mental.<\/p>\n<p>Las conferencias son de gran trascendencia, sobre todo posterior a haber sufrido un sismo de gran magnitud.<\/p>\n<p>Ademas mencionan que es\u00a0como el que se registr\u00f3 en el estado de Colima el pasado 19 de septiembre, de 7.7 grados.<\/p>\n<p>El cual fue el\u00a0que caus\u00f3 gran temor entre las personas, que a\u00fan con el paso de los d\u00edas.<\/p>\n<p>Ademas que cuando escuchan alg\u00fan sonido fuerte, la mayor\u00eda de las veces lo asocian con un sismo.<\/p>\n<p>Las conferencias que se desarrollar\u00e1n en el marco del D\u00eda de la Salud Mental.<\/p>\n<p>Ademas que son promovidas por la diputada Hilda Lizette Moreno Ceballo.<\/p>\n<p>El cual fue quien pretende que sean de gran utilidad para todo el personal que labora en el Congreso local.<\/p>\n<p>As\u00ed como para el p\u00fablico en general que acuda.<\/p>\n","protected":false},"excerpt":{"rendered":"<p>Las conferencias se desarrollar\u00e1n en el pleno del Poder Legislativo, y estar\u00e1n a cargo de Miguel Enrique Castillo Ensch. D\u00eda Internacional de la Salud Mental: Ademas que el, jefe del Servicio de Psicolog\u00eda del Hospital Materno Infantil Las conferencias se desarrollar\u00e1n en el pleno del Poder Legislativo. Al igual que\u00a0estar\u00e1n a cargo de Miguel Enrique [&hellip;]<\/p>\n","protected":false},"author":1,"featured_media":9530,"comment_status":"open","ping_status":"closed","sticky":false,"template":"","format":"standard","meta":{"footnotes":""},"categories":[9,11],"tags":[],"class_list":["post-9528","post","type-post","status-publish","format-standard","has-post-thumbnail","hentry","category-politica","category-salud"],"_links":{"self":[{"href":"https:\/\/podernacional.com\/index.php?rest_route=\/wp\/v2\/posts\/9528","targetHints":{"allow":["GET"]}}],"collection":[{"href":"https:\/\/podernacional.com\/index.php?rest_route=\/wp\/v2\/posts"}],"about":[{"href":"https:\/\/podernacional.com\/index.php?rest_route=\/wp\/v2\/types\/post"}],"author":[{"embeddable":true,"href":"https:\/\/podernacional.com\/index.php?rest_route=\/wp\/v2\/users\/1"}],"replies":[{"embeddable":true,"href":"https:\/\/podernacional.com\/index.php?rest_route=%2Fwp%2Fv2%2Fcomments&post=9528"}],"version-history":[{"count":1,"href":"https:\/\/podernacional.com\/index.php?rest_route=\/wp\/v2\/posts\/9528\/revisions"}],"predecessor-version":[{"id":9529,"href":"https:\/\/podernacional.com\/index.php?rest_route=\/wp\/v2\/posts\/9528\/revisions\/9529"}],"wp:featuredmedia":[{"embeddable":true,"href":"https:\/\/podernacional.com\/index.php?rest_route=\/wp\/v2\/media\/9530"}],"wp:attachment":[{"href":"https:\/\/podernacional.com\/index.php?rest_route=%2Fwp%2Fv2%2Fmedia&parent=9528"}],"wp:term":[{"taxonomy":"category","embeddable":true,"href":"https:\/\/podernacional.com\/index.php?rest_route=%2Fwp%2Fv2%2Fcategories&post=9528"},{"taxonomy":"post_tag","embeddable":true,"href":"https:\/\/podernacional.com\/index.php?rest_route=%2Fwp%2Fv2%2Ftags&post=9528"}],"curies":[{"name":"wp","href":"https:\/\/api.w.org\/{rel}","templated":true}]}}