{"id":9546,"date":"2022-10-05T19:06:19","date_gmt":"2022-10-06T00:06:19","guid":{"rendered":"https:\/\/podernacional.com\/?p=9546"},"modified":"2022-10-06T00:06:21","modified_gmt":"2022-10-06T00:06:21","slug":"corredora-de-cancun-ira-al-ultramaraton-de-brasil","status":"publish","type":"post","link":"https:\/\/podernacional.com\/?p=9546","title":{"rendered":"Corredora de Canc\u00fan ir\u00e1 al Ultramarat\u00f3n de Brasil"},"content":{"rendered":"<h4>La ultramaratonista cancunense Ana Celis Hern\u00e1ndez tiene trazado su siguiente objetivo, el \u2018Continental de 24 horas que se llevar\u00e1 a cabo en Brasil.<\/h4>\n<p>Ultramarat\u00f3n de Brasil: La ultramaratonista cancunense Ana Celis Hern\u00e1ndez tiene trazado su siguiente objetivo.<\/p>\n<p>As\u00ed como\u00a0el \u2018Continental de 24 horas que se llevar\u00e1 a cabo en Sao Paulo, Brasil el 12 y 13 de noviembre pr\u00f3ximo.<\/p>\n<p>La atleta va por su segundo evento internacional, despu\u00e9s de participar en el Ultramarat\u00f3n de Argentina el a\u00f1o pasado.<\/p>\n<p>Lugar\u00a0donde recorri\u00f3 171.8 kil\u00f3metros, siendo la mejor marca femenil hasta ahora en M\u00e9xico.<\/p>\n<p>\u201cEl reto es ir a mejorar la marca, sabemos que hay muchas circunstancias que pueden cambiar\u201d.<\/p>\n<p>\u201cAl igual que en Argentina nos toc\u00f3 una noche de menos cuatro grados y eso fue fuera de lo esperado por todo el mundo\u201d.<\/p>\n<h4>\u201cPor ende en esta ocasi\u00f3n estamos siguiendo c\u00f3mo estar\u00e1 la temperatura y la humedad\u201d.<\/h4>\n<p>\u201cAdemas que sin duda ser\u00e1 una mejor condici\u00f3n clim\u00e1tica que las que tenemos aqu\u00ed en Quintana Roo\u201d.<\/p>\n<p>\u201cPero estamos preparados con la intenci\u00f3n de mejorar estos 171.8 kil\u00f3metros que tengo en este momento\u201d, coment\u00f3 la quintanarroense.<\/p>\n<p>A sus 18 a\u00f1os, Ana sufri\u00f3 una lesi\u00f3n de rodilla por la que fue intervenida quir\u00fargicamente.<\/p>\n<p>As\u00ed como con el pasar del tiempo se recuper\u00f3 y retom\u00f3 su vida deportiva hasta que lleg\u00f3 al club de corredores Red Runners.<\/p>\n<p>Donde encontr\u00f3 la pasi\u00f3n por correr.<\/p>\n<p>Celis particip\u00f3 en el Marat\u00f3n Internacional de Canc\u00fan y despu\u00e9s en el Ultramarat\u00f3n de 24 horas en Isla Mujeres.<\/p>\n<h4>Ademas que fue su primera experiencia recorriendo 108 kil\u00f3metros.<\/h4>\n<p>Luego compiti\u00f3 en los 80 km de Monterrey donde obtuvo el primer lugar en su categor\u00eda.<\/p>\n<p>\u201cLas cosas se fueron dando un poco por curiosidad, y de pronto me di cuenta que la ultradistancia me llamaba la atenci\u00f3n\u201d.<\/p>\n<p>\u201cAdemas de pasar horas corriendo y ver hasta donde el cuerpo aguantaba, para m\u00ed fue sorprendente\u201d.<\/p>\n<p>\u201cAs\u00ed que la verdad es que si se me salieron las l\u00e1grimas cuando hice los primeros 100 km\u201d.<\/p>\n<p>\u201cAs\u00ed como que\u00a0no ten\u00eda idea en mi cabeza de qu\u00e9 pod\u00eda hacer algo as\u00ed\u201d.<\/p>\n<p>\u201cAdemas que estaba muy emocionada y de ah\u00ed ya no lo solt\u00e9\u201d, relat\u00f3 la corredora de 40 a\u00f1os.<\/p>\n<p>Ana Celis formar\u00e1 parte de la delegaci\u00f3n mexicana que participar\u00e1 en el \u2018Continental de 24 horas\u2019 en Brasil, conformada por nueve mujeres y nueve hombres.<\/p>\n<p>Ultramarat\u00f3n de Brasil<\/p>\n","protected":false},"excerpt":{"rendered":"<p>La ultramaratonista cancunense Ana Celis Hern\u00e1ndez tiene trazado su siguiente objetivo, el \u2018Continental de 24 horas que se llevar\u00e1 a cabo en Brasil. Ultramarat\u00f3n de Brasil: La ultramaratonista cancunense Ana Celis Hern\u00e1ndez tiene trazado su siguiente objetivo. As\u00ed como\u00a0el \u2018Continental de 24 horas que se llevar\u00e1 a cabo en Sao Paulo, Brasil el 12 y [&hellip;]<\/p>\n","protected":false},"author":1,"featured_media":9548,"comment_status":"open","ping_status":"closed","sticky":false,"template":"","format":"standard","meta":{"footnotes":""},"categories":[3,6,10],"tags":[],"class_list":["post-9546","post","type-post","status-publish","format-standard","has-post-thumbnail","hentry","category-deportes","category-local","category-quintana-roo"],"_links":{"self":[{"href":"https:\/\/podernacional.com\/index.php?rest_route=\/wp\/v2\/posts\/9546","targetHints":{"allow":["GET"]}}],"collection":[{"href":"https:\/\/podernacional.com\/index.php?rest_route=\/wp\/v2\/posts"}],"about":[{"href":"https:\/\/podernacional.com\/index.php?rest_route=\/wp\/v2\/types\/post"}],"author":[{"embeddable":true,"href":"https:\/\/podernacional.com\/index.php?rest_route=\/wp\/v2\/users\/1"}],"replies":[{"embeddable":true,"href":"https:\/\/podernacional.com\/index.php?rest_route=%2Fwp%2Fv2%2Fcomments&post=9546"}],"version-history":[{"count":1,"href":"https:\/\/podernacional.com\/index.php?rest_route=\/wp\/v2\/posts\/9546\/revisions"}],"predecessor-version":[{"id":9547,"href":"https:\/\/podernacional.com\/index.php?rest_route=\/wp\/v2\/posts\/9546\/revisions\/9547"}],"wp:featuredmedia":[{"embeddable":true,"href":"https:\/\/podernacional.com\/index.php?rest_route=\/wp\/v2\/media\/9548"}],"wp:attachment":[{"href":"https:\/\/podernacional.com\/index.php?rest_route=%2Fwp%2Fv2%2Fmedia&parent=9546"}],"wp:term":[{"taxonomy":"category","embeddable":true,"href":"https:\/\/podernacional.com\/index.php?rest_route=%2Fwp%2Fv2%2Fcategories&post=9546"},{"taxonomy":"post_tag","embeddable":true,"href":"https:\/\/podernacional.com\/index.php?rest_route=%2Fwp%2Fv2%2Ftags&post=9546"}],"curies":[{"name":"wp","href":"https:\/\/api.w.org\/{rel}","templated":true}]}}