{"id":9555,"date":"2022-10-05T19:47:43","date_gmt":"2022-10-06T00:47:43","guid":{"rendered":"https:\/\/podernacional.com\/?p=9555"},"modified":"2022-10-06T00:47:45","modified_gmt":"2022-10-06T00:47:45","slug":"por-que-quintana-roo-no-eliminara-el-horario-de-verano","status":"publish","type":"post","link":"https:\/\/podernacional.com\/?p=9555","title":{"rendered":"\u00bfPor qu\u00e9 Quintana Roo no eliminar\u00e1 el horario de verano?"},"content":{"rendered":"<h4>Quintana Roo ser\u00e1 uno de los dos estados donde no se eliminar\u00e1 el horario de verano<\/h4>\n<p>Horario de verano: La C\u00e1mara de Diputados aprob\u00f3 la reforma para eliminar el Horario en M\u00e9xico.<\/p>\n<p>Por lo cual entrar\u00eda en vigor a partir del 2023 con la excepci\u00f3n de dos entidades: Quintana Roo y Sonora.<\/p>\n<p>Tras su aprobaci\u00f3n en la C\u00e1mara de Diputados el pasado 29 de septiembre.<\/p>\n<p>Ademas que, la reforma pasar\u00e1 al Senado de la Rep\u00fablica para su discusi\u00f3n y posible aprobaci\u00f3n.<\/p>\n<p>AMLO env\u00eda al Congreso iniciativa para eliminar el de verano<\/p>\n<p>En dicha sesi\u00f3n, los legisladores aprobaron una modificaci\u00f3n al dictamen para establecer un horario est\u00e1ndar en el territorio nacional.<\/p>\n<p>Al igual que uno estacional en los municipios de la zona fronteriza norte tras la eliminaci\u00f3n del horario de verano.<\/p>\n<h4>\u00bfPor qu\u00e9 Quintana Roo no eliminar\u00e1 el horario de verano?<\/h4>\n<p>Desde 2015, el gobierno de Quintana Roo determin\u00f3 que ser\u00e1 el de verano que este en vigencia en el estado durante todo el a\u00f1o.<\/p>\n<p>Por lo que se mantiene una hora adelante del resto del pa\u00eds.<\/p>\n<p>\u00bfEsto significa que Quintana Roo tendr\u00e1 un horario diferente a M\u00e9xico?<\/p>\n<p>La iniciativa de reformar a la Ley de Husos Horarios en M\u00e9xico contempla la creaci\u00f3n de un horario estacional en municipios de la frontera norte.<\/p>\n<p>Este horario estacional ser\u00eda el equivalente al de verano, por lo que tambi\u00e9n Quintana Roo y Sonora entrar\u00edan en dicha modalidad.<\/p>\n<p>Actualmente en dichos municipios de la franja fronteriza es implementado al de verano.<\/p>\n<p>Ademas que el cual suele entrar en vigor un mes antes que en el resto de M\u00e9xico.<\/p>\n<p>Por su parte, el resto de los estados donde ser\u00e1 eliminado el de verano aplicar\u00e1n de manera permanente el horario est\u00e1ndar.<\/p>\n<p>Al igual que com\u00fanmente conocido como horario de invierno, mientras Quintana Roo seguir\u00e1 una hora adelantado.<\/p>\n","protected":false},"excerpt":{"rendered":"<p>Quintana Roo ser\u00e1 uno de los dos estados donde no se eliminar\u00e1 el horario de verano Horario de verano: La C\u00e1mara de Diputados aprob\u00f3 la reforma para eliminar el Horario en M\u00e9xico. Por lo cual entrar\u00eda en vigor a partir del 2023 con la excepci\u00f3n de dos entidades: Quintana Roo y Sonora. Tras su aprobaci\u00f3n [&hellip;]<\/p>\n","protected":false},"author":1,"featured_media":9557,"comment_status":"open","ping_status":"closed","sticky":false,"template":"","format":"standard","meta":{"footnotes":""},"categories":[2,6,10],"tags":[],"class_list":["post-9555","post","type-post","status-publish","format-standard","has-post-thumbnail","hentry","category-cultural","category-local","category-quintana-roo"],"_links":{"self":[{"href":"https:\/\/podernacional.com\/index.php?rest_route=\/wp\/v2\/posts\/9555","targetHints":{"allow":["GET"]}}],"collection":[{"href":"https:\/\/podernacional.com\/index.php?rest_route=\/wp\/v2\/posts"}],"about":[{"href":"https:\/\/podernacional.com\/index.php?rest_route=\/wp\/v2\/types\/post"}],"author":[{"embeddable":true,"href":"https:\/\/podernacional.com\/index.php?rest_route=\/wp\/v2\/users\/1"}],"replies":[{"embeddable":true,"href":"https:\/\/podernacional.com\/index.php?rest_route=%2Fwp%2Fv2%2Fcomments&post=9555"}],"version-history":[{"count":1,"href":"https:\/\/podernacional.com\/index.php?rest_route=\/wp\/v2\/posts\/9555\/revisions"}],"predecessor-version":[{"id":9556,"href":"https:\/\/podernacional.com\/index.php?rest_route=\/wp\/v2\/posts\/9555\/revisions\/9556"}],"wp:featuredmedia":[{"embeddable":true,"href":"https:\/\/podernacional.com\/index.php?rest_route=\/wp\/v2\/media\/9557"}],"wp:attachment":[{"href":"https:\/\/podernacional.com\/index.php?rest_route=%2Fwp%2Fv2%2Fmedia&parent=9555"}],"wp:term":[{"taxonomy":"category","embeddable":true,"href":"https:\/\/podernacional.com\/index.php?rest_route=%2Fwp%2Fv2%2Fcategories&post=9555"},{"taxonomy":"post_tag","embeddable":true,"href":"https:\/\/podernacional.com\/index.php?rest_route=%2Fwp%2Fv2%2Ftags&post=9555"}],"curies":[{"name":"wp","href":"https:\/\/api.w.org\/{rel}","templated":true}]}}