{"id":9573,"date":"2022-10-06T20:39:15","date_gmt":"2022-10-07T01:39:15","guid":{"rendered":"https:\/\/podernacional.com\/?p=9573"},"modified":"2022-10-07T01:39:16","modified_gmt":"2022-10-07T01:39:16","slug":"fomentan-turismo-de-congresos-en-cancun","status":"publish","type":"post","link":"https:\/\/podernacional.com\/?p=9573","title":{"rendered":"Fomentan turismo de congresos en Canc\u00fan"},"content":{"rendered":"<h4>La Presidenta Municipal de Benito Ju\u00e1rez, Ana Patricia Peralta, particip\u00f3 en la inauguraci\u00f3n del Octavo Congreso Internacional de Turismo.<\/h4>\n<p>Turismo de congresos: As\u00ed como de Gastronom\u00eda y Animaci\u00f3n Tur\u00edstica \u201cTornus\u201d.<\/p>\n<p>Ademas que se realiza con el objetivo de impulsar el crecimiento profesional de los j\u00f3venes que visitan el destino, como parte de su formaci\u00f3n acad\u00e9mica.<\/p>\n<p>\u201cEstoy convencida de que la industria tur\u00edstica, gastron\u00f3mica, y de animaci\u00f3n tur\u00edstica se fortalecen con cada generaci\u00f3n egresada de universitarios\u201d.<\/p>\n<p>De los cuales mencionan que salen a dar innovaci\u00f3n, avances, y modernizaci\u00f3n (Turismo de congresos).<\/p>\n<p>Invito a las y los estudiantes universitarios a percibirse como actores de cambio, y a descubrir c\u00f3mo, a trav\u00e9s de su formaci\u00f3n acad\u00e9mica.<\/p>\n<p>\u201cAdemas que\u00a0podr\u00e1n servir a nuestro pa\u00eds\u201d, expres\u00f3 la Primera Autoridad Municipal al dar las palabras de bienvenida.<\/p>\n<p>Adem\u00e1s, destac\u00f3 que es necesario trabajar con corresponsabilidad y en equipo con todos los sectores, para seguir impulsando este tipo de pr\u00e1cticas.<\/p>\n<h4>As\u00ed como reiterar que Canc\u00fan es un destino tur\u00edstico inclusivo, con accesibilidad para todas y todos.<\/h4>\n<p>\u201cEsa responsabilidad compartida, nos une como cancunenses, nos une como ciudad, espero disfruten mucho est\u00e1 experiencia\u201d.<\/p>\n<p>\u201cAl igual que\u00a0se lleven el azul de nuestro mar, el rojo de nuestros atardeceres, el blanco de nuestra arena tatuados en el coraz\u00f3n\u201d, enfatiz\u00f3.<\/p>\n<p>Cabe se\u00f1alar que en este evento participan estudiantes de diversas ciudades como:<\/p>\n<p>Ensenada, Tijuana, Mexicali, Hermosillo, Guaymas, Ciudad Obreg\u00f3n, Culiac\u00e1n, Mazatl\u00e1n, Chihuahua, Ciudad Ju\u00e1rez, Saltillo, Tulancingo, Morelia.<\/p>\n<p>Al igual que Tepic, Oaxaca, Piedras Negras, Puerto Vallarta y Monterrey, participar\u00e1n en dicho congreso del 06 al 09 de octubre.<\/p>\n<p>En el evento de inicio de esta octava edici\u00f3n del Congreso, asistieron tambi\u00e9n:<\/p>\n<p>El regidor de Turismo, Ecolog\u00eda y Ambiente, Eduardo Kuyoc Rodr\u00edguez; el director de Distrito Canc\u00fan, Carlos del Castillo.<\/p>\n<p>Ademas del director general y la subdirectora del Colectivo C\u00f3digo, Rigoberto Hern\u00e1ndez y Denisse Carrillo.<\/p>\n<p>As\u00ed como el director de la Unidad Acad\u00e9mica de Turismo y Gastronom\u00eda Aut\u00f3noma de Nayarit, Roberto L\u00f3pez.<\/p>\n<p>Tambi\u00e9n\u00a0la directora del Instituto de Gastronom\u00eda de Baja California, Roc\u00edo del Carmen Due\u00f1as.<\/p>\n<p>Y finalmente el director de la Universidad Vizcaya de las Am\u00e9ricas Campus Playa del Carmen, Hugo Abundis.<\/p>\n<p>&nbsp;<\/p>\n<p>&nbsp;<\/p>\n","protected":false},"excerpt":{"rendered":"<p>La Presidenta Municipal de Benito Ju\u00e1rez, Ana Patricia Peralta, particip\u00f3 en la inauguraci\u00f3n del Octavo Congreso Internacional de Turismo. Turismo de congresos: As\u00ed como de Gastronom\u00eda y Animaci\u00f3n Tur\u00edstica \u201cTornus\u201d. Ademas que se realiza con el objetivo de impulsar el crecimiento profesional de los j\u00f3venes que visitan el destino, como parte de su formaci\u00f3n acad\u00e9mica. [&hellip;]<\/p>\n","protected":false},"author":1,"featured_media":9575,"comment_status":"open","ping_status":"closed","sticky":false,"template":"","format":"standard","meta":{"footnotes":""},"categories":[6,10],"tags":[],"class_list":["post-9573","post","type-post","status-publish","format-standard","has-post-thumbnail","hentry","category-local","category-quintana-roo"],"_links":{"self":[{"href":"https:\/\/podernacional.com\/index.php?rest_route=\/wp\/v2\/posts\/9573","targetHints":{"allow":["GET"]}}],"collection":[{"href":"https:\/\/podernacional.com\/index.php?rest_route=\/wp\/v2\/posts"}],"about":[{"href":"https:\/\/podernacional.com\/index.php?rest_route=\/wp\/v2\/types\/post"}],"author":[{"embeddable":true,"href":"https:\/\/podernacional.com\/index.php?rest_route=\/wp\/v2\/users\/1"}],"replies":[{"embeddable":true,"href":"https:\/\/podernacional.com\/index.php?rest_route=%2Fwp%2Fv2%2Fcomments&post=9573"}],"version-history":[{"count":1,"href":"https:\/\/podernacional.com\/index.php?rest_route=\/wp\/v2\/posts\/9573\/revisions"}],"predecessor-version":[{"id":9574,"href":"https:\/\/podernacional.com\/index.php?rest_route=\/wp\/v2\/posts\/9573\/revisions\/9574"}],"wp:featuredmedia":[{"embeddable":true,"href":"https:\/\/podernacional.com\/index.php?rest_route=\/wp\/v2\/media\/9575"}],"wp:attachment":[{"href":"https:\/\/podernacional.com\/index.php?rest_route=%2Fwp%2Fv2%2Fmedia&parent=9573"}],"wp:term":[{"taxonomy":"category","embeddable":true,"href":"https:\/\/podernacional.com\/index.php?rest_route=%2Fwp%2Fv2%2Fcategories&post=9573"},{"taxonomy":"post_tag","embeddable":true,"href":"https:\/\/podernacional.com\/index.php?rest_route=%2Fwp%2Fv2%2Ftags&post=9573"}],"curies":[{"name":"wp","href":"https:\/\/api.w.org\/{rel}","templated":true}]}}