{"id":9591,"date":"2022-10-07T17:01:50","date_gmt":"2022-10-07T22:01:50","guid":{"rendered":"https:\/\/podernacional.com\/?p=9591"},"modified":"2022-10-07T22:01:53","modified_gmt":"2022-10-07T22:01:53","slug":"el-festival-flores-y-jardines-regresa-a-polanco-fechas-sede-y-detalles-de-la-edicion-2022","status":"publish","type":"post","link":"https:\/\/podernacional.com\/?p=9591","title":{"rendered":"El Festival Flores y Jardines regresa a Polanco: Fechas, sede y detalles de la edici\u00f3n 2022"},"content":{"rendered":"<h4>El Festival de Flores y Jardines 2022 regresa a Polanco con muchas actividades y una gran vendimia de especies de ornato.<\/h4>\n<p>Festival Flores y Jardines: En el Festival de Flores y Jardines en Polanco se presentar\u00e1n algunas esculturas para tomarse fotograf\u00edas.<\/p>\n<p>Uno de los festivales m\u00e1s coloridos est\u00e1 a punto de llegar a la Ciudad de M\u00e9xico.<\/p>\n<p>Se trata de la cuarta edici\u00f3n del Festival (FYJA) en Polanco.<\/p>\n<p>En este evento decenas de expositores mostrar\u00e1n arreglos florales de todos los estilos y tama\u00f1os.<\/p>\n<p>Este a\u00f1o la tem\u00e1tica estar\u00e1 enfocada en el concepto de \u2018renacer\u2018.<\/p>\n<p>Ademas que plantea una analog\u00eda con la capacidad de las personas de retomar proyectos o diferentes \u00e1ngulos de su vida tras periodos complecados.<\/p>\n<p>Desde 2017 el festival se encarga deponer en exhibici\u00f3n elaborados arreglos florales en distintas partes de la CDMX.<\/p>\n<h4>La idea naci\u00f3 de la fundadora, Patricia El\u00edas Calles.<\/h4>\n<p>El cual fue\u00a0quien visit\u00f3 una edici\u00f3n del Chelsea Flower Show en Londres que la inspir\u00f3 a crear primera versi\u00f3n del evento hace cinco a\u00f1os.<\/p>\n<p>El Festival de Flores y Jardines se encarga de adornar las calles de Polanco por una temporada.<\/p>\n<p>El FYJA asegura ser el \u00fanico festival de su tipo que se realiza en la Ciudad de M\u00e9xico.<\/p>\n<p>Esto a pesar de ello han estado dos a\u00f1os sin poder montar la celebraci\u00f3n por causas relacionadas a la pandemia de COVID-19.<\/p>\n<p>Este 2022 regresar\u00e1n para que los floristas, arquitectos de paisajes, dise\u00f1adores florales, entre otros, expongan su trabajo.<\/p>\n<p>Esto a lo largo de las calles de Polanco en la alcald\u00eda Miguel Hidalgo.<\/p>\n<h4>El Festival de Flores y Jardines tiene un listado de objetivos que busca cumplir con cada edici\u00f3n:<\/h4>\n<p>Festejar la tradici\u00f3n floral y bot\u00e1nica de M\u00e9xico<\/p>\n<p>Promover la creaci\u00f3n e importancia de los jardines<\/p>\n<p>Concientizar sobre la importancia de la biodiversidad de M\u00e9xico<\/p>\n<p>Promover el inter\u00e9s por el mundo vegetal<\/p>\n<p>Exponer los problemas ambientales actuales<\/p>\n<p>De igual manera, la celebraci\u00f3n busca promover los talentos de las personas enfocadas en participar en el evento con sus creaciones florales.<\/p>\n<p>El Festival de Flores y Jardines en Polanco regresar despu\u00e9s de dos a\u00f1os inactivo.<\/p>\n<h4>\u00bfCu\u00e1ndo va ser el Festival Flores y Jardines Polanco?<\/h4>\n<p>Polanco en Flores es un evento que no tiene ning\u00fan tipo de costo, ya que las esculturas se colocar\u00e1n en espacios p\u00fablicos de la colonia.<\/p>\n<p>Igualmente se trata de un evento pet friendly, as\u00ed que podr\u00e1s asistir de la con tu mascota.<\/p>\n<p>Se recomienda que visites el festival algunas horas antes del cierre para que puedas apreciar con suficiente luz.<\/p>\n<p>Al igual que de tiempo cada uno de los stands y atractivos del evento.<\/p>\n<p>\u00bfCu\u00e1ndo? Del 20 al 23 de octubre.<\/p>\n<p>\u00bfD\u00f3nde? Polanco, Polanco I Secci\u00f3n, Ciudad de M\u00e9xico, CDMX<\/p>\n","protected":false},"excerpt":{"rendered":"<p>El Festival de Flores y Jardines 2022 regresa a Polanco con muchas actividades y una gran vendimia de especies de ornato. Festival Flores y Jardines: En el Festival de Flores y Jardines en Polanco se presentar\u00e1n algunas esculturas para tomarse fotograf\u00edas. Uno de los festivales m\u00e1s coloridos est\u00e1 a punto de llegar a la Ciudad [&hellip;]<\/p>\n","protected":false},"author":1,"featured_media":9593,"comment_status":"open","ping_status":"closed","sticky":false,"template":"","format":"standard","meta":{"footnotes":""},"categories":[2,7],"tags":[],"class_list":["post-9591","post","type-post","status-publish","format-standard","has-post-thumbnail","hentry","category-cultural","category-nacional"],"_links":{"self":[{"href":"https:\/\/podernacional.com\/index.php?rest_route=\/wp\/v2\/posts\/9591","targetHints":{"allow":["GET"]}}],"collection":[{"href":"https:\/\/podernacional.com\/index.php?rest_route=\/wp\/v2\/posts"}],"about":[{"href":"https:\/\/podernacional.com\/index.php?rest_route=\/wp\/v2\/types\/post"}],"author":[{"embeddable":true,"href":"https:\/\/podernacional.com\/index.php?rest_route=\/wp\/v2\/users\/1"}],"replies":[{"embeddable":true,"href":"https:\/\/podernacional.com\/index.php?rest_route=%2Fwp%2Fv2%2Fcomments&post=9591"}],"version-history":[{"count":1,"href":"https:\/\/podernacional.com\/index.php?rest_route=\/wp\/v2\/posts\/9591\/revisions"}],"predecessor-version":[{"id":9592,"href":"https:\/\/podernacional.com\/index.php?rest_route=\/wp\/v2\/posts\/9591\/revisions\/9592"}],"wp:featuredmedia":[{"embeddable":true,"href":"https:\/\/podernacional.com\/index.php?rest_route=\/wp\/v2\/media\/9593"}],"wp:attachment":[{"href":"https:\/\/podernacional.com\/index.php?rest_route=%2Fwp%2Fv2%2Fmedia&parent=9591"}],"wp:term":[{"taxonomy":"category","embeddable":true,"href":"https:\/\/podernacional.com\/index.php?rest_route=%2Fwp%2Fv2%2Fcategories&post=9591"},{"taxonomy":"post_tag","embeddable":true,"href":"https:\/\/podernacional.com\/index.php?rest_route=%2Fwp%2Fv2%2Ftags&post=9591"}],"curies":[{"name":"wp","href":"https:\/\/api.w.org\/{rel}","templated":true}]}}