{"id":9597,"date":"2022-10-07T17:33:18","date_gmt":"2022-10-07T22:33:18","guid":{"rendered":"https:\/\/podernacional.com\/?p=9597"},"modified":"2022-10-07T22:33:21","modified_gmt":"2022-10-07T22:33:21","slug":"las-entradas-para-los-espectaculos-alento-neanderthal-y-peter-el-musical-se-ponen-a-la-venta-el-lunes","status":"publish","type":"post","link":"https:\/\/podernacional.com\/?p=9597","title":{"rendered":"Las entradas para los espect\u00e1culos \u2018Alento\u2019, \u2018Neanderthal\u2019 y \u2018Peter, el musical\u2019 se ponen a la venta el lunes"},"content":{"rendered":"<h4>Est\u00e1n programados por el Ayuntamiento de Salamanca para los pr\u00f3ximos meses.<\/h4>\n<p>Alento y Neanderthal: El pr\u00f3ximo lunes, a las 11.00 horas, se pondr\u00e1n a la venta las entradas para tres de los espect\u00e1culos programados.<\/p>\n<p>Esto por el Ayuntamiento de Salamanca para los meses de noviembre y diciembre.<\/p>\n<p>El primero de estos espect\u00e1culos es \u2018Alento\u2019, una propuesta de la compa\u00f1\u00eda Antonio Najarro.<\/p>\n<p>Ademas que refleja el estilo de Najarro como creador, as\u00ed como de su versi\u00f3n personal de la danza cl\u00e1sica espa\u00f1ola.<\/p>\n<p>Inspirado en la partitura original del compositor y guitarrista, interpretado en directo por \u00e9l mismo acompa\u00f1ado de cuatro m\u00fasicos.<\/p>\n<p>As\u00ed como bajo la exquisita iluminaci\u00f3n de Nicolas Fischtel y con un vestuario creado por el dise\u00f1ador Oteyza, entre otros.<\/p>\n<p>Est\u00e1 programado el 26 de noviembre en el Centro de las Artes Esc\u00e9nicas y de la M\u00fasica.<\/p>\n<h4>Tambi\u00e9n se ponen a la venta el lunes las entradas para el espect\u00e1culo de danza \u2018Neanderthal\u2019 de la compa\u00f1\u00eda David Vento Dance Theater.<\/h4>\n<p>Ademas del Premio Fet\u00e9n 2020 al mejor espect\u00e1culo de noche, Primer Premio en el Certamen Internacional Urban-Facyl del Festival de Artes de Castilla.<\/p>\n<p>Igualmente de Le\u00f3n y Primer Premio en el Certamen de J\u00f3venes Creadores de Madrid. Neanderthal es la epopeya humana.<\/p>\n<p>Es nuestro primo (no tan) lejano levant\u00e1ndose antes que el Sapiens. Es el baile de los chamanes.<\/p>\n<p>Es la manipulaci\u00f3n de la conciencia colectiva. Es el ayer y el hoy.<\/p>\n<p>Es danza, m\u00fasica en directo, teatro y videoarte al servicio de la belleza.<\/p>\n<p>Sentir la esencia del hombre primitivo en el hombre de hoy.<\/p>\n<p>Neanderthal podr\u00eda ser como aquel disco de oro que portan las sondas Voyager lanzadas en 1977, aquel disco con grabados.<\/p>\n<p>As\u00ed como de sonidos de la tierra que fue lanzado al espacio con la esperanza de que otra civilizaci\u00f3n las encuentre y nos encuentre.<\/p>\n<p>Mapas, dibujos, sonidos, m\u00fasicas del mundo, discursos del presidente Jim Carter\u2026<\/p>\n<p>Pero quiz\u00e1s esa civilizaci\u00f3n que lo encuentre seamos nosotros mismos dentro de cuarenta mil a\u00f1os.<\/p>\n<h4>\u00bfC\u00f3mo nos ver\u00e1 la civilizaci\u00f3n que nos suceda?<\/h4>\n<p>Est\u00e1 programado el 10 de diciembre en el Teatro Liceo. (Alento y Neanderthal)<\/p>\n<p>Y por \u00faltimo se ponen a la venta las entradas para \u2018PETER, el musical\u2019 (27 y 28 de diciembre).<\/p>\n<p>La cual es una propuesta para el p\u00fablico familiar coincidiendo con las fechas navide\u00f1as.<\/p>\n<p>Una s\u00faper producci\u00f3n con m\u00e1s de veinte artistas en escena, con la \u00faltima tecnolog\u00eda teatral en luces, sonido, escenograf\u00eda.<\/p>\n<p>Ademas de vuelos para recrear la magia de esta historia legendaria.<\/p>\n<p>Desde la recreaci\u00f3n de una casa londinense de ensue\u00f1o donde Wendy, John y Michael conocen por primera vez a Peter hasta el prestigioso Jolly Roger.<\/p>\n<p>As\u00ed como el barco pirata del temido Capit\u00e1n Garfio con toda su tripulaci\u00f3n a bordo.<\/p>\n<p>Una nueva puesta en escena con los mejores acr\u00f3batas y unos bailarines espectaculares.<\/p>\n","protected":false},"excerpt":{"rendered":"<p>Est\u00e1n programados por el Ayuntamiento de Salamanca para los pr\u00f3ximos meses. Alento y Neanderthal: El pr\u00f3ximo lunes, a las 11.00 horas, se pondr\u00e1n a la venta las entradas para tres de los espect\u00e1culos programados. Esto por el Ayuntamiento de Salamanca para los meses de noviembre y diciembre. El primero de estos espect\u00e1culos es \u2018Alento\u2019, una [&hellip;]<\/p>\n","protected":false},"author":1,"featured_media":9599,"comment_status":"open","ping_status":"closed","sticky":false,"template":"","format":"standard","meta":{"footnotes":""},"categories":[4,5],"tags":[],"class_list":["post-9597","post","type-post","status-publish","format-standard","has-post-thumbnail","hentry","category-espectaculos","category-internacional"],"_links":{"self":[{"href":"https:\/\/podernacional.com\/index.php?rest_route=\/wp\/v2\/posts\/9597","targetHints":{"allow":["GET"]}}],"collection":[{"href":"https:\/\/podernacional.com\/index.php?rest_route=\/wp\/v2\/posts"}],"about":[{"href":"https:\/\/podernacional.com\/index.php?rest_route=\/wp\/v2\/types\/post"}],"author":[{"embeddable":true,"href":"https:\/\/podernacional.com\/index.php?rest_route=\/wp\/v2\/users\/1"}],"replies":[{"embeddable":true,"href":"https:\/\/podernacional.com\/index.php?rest_route=%2Fwp%2Fv2%2Fcomments&post=9597"}],"version-history":[{"count":1,"href":"https:\/\/podernacional.com\/index.php?rest_route=\/wp\/v2\/posts\/9597\/revisions"}],"predecessor-version":[{"id":9598,"href":"https:\/\/podernacional.com\/index.php?rest_route=\/wp\/v2\/posts\/9597\/revisions\/9598"}],"wp:featuredmedia":[{"embeddable":true,"href":"https:\/\/podernacional.com\/index.php?rest_route=\/wp\/v2\/media\/9599"}],"wp:attachment":[{"href":"https:\/\/podernacional.com\/index.php?rest_route=%2Fwp%2Fv2%2Fmedia&parent=9597"}],"wp:term":[{"taxonomy":"category","embeddable":true,"href":"https:\/\/podernacional.com\/index.php?rest_route=%2Fwp%2Fv2%2Fcategories&post=9597"},{"taxonomy":"post_tag","embeddable":true,"href":"https:\/\/podernacional.com\/index.php?rest_route=%2Fwp%2Fv2%2Ftags&post=9597"}],"curies":[{"name":"wp","href":"https:\/\/api.w.org\/{rel}","templated":true}]}}