{"id":9600,"date":"2022-10-07T18:39:58","date_gmt":"2022-10-07T23:39:58","guid":{"rendered":"https:\/\/podernacional.com\/?p=9600"},"modified":"2022-10-07T23:40:02","modified_gmt":"2022-10-07T23:40:02","slug":"gobierno-de-haiti-pide-ayuda-militar-internacional-ante-crisis","status":"publish","type":"post","link":"https:\/\/podernacional.com\/?p=9600","title":{"rendered":"Gobierno de Hait\u00ed pide ayuda militar internacional ante crisis"},"content":{"rendered":"<h4>\u00bfTiene la comunidad internacional abandonada a Hait\u00ed?<\/h4>\n<p>Gobierno de Hait\u00ed: El Gobierno de Hait\u00ed solicit\u00f3 ayuda militar internacional para hacer frente a una serie de crisis sanitarias, energ\u00e9ticas y de seguridad concurrentes.<\/p>\n<p>Todo esto, seg\u00fan un comunicado de Jean-Junior Joseph, asesor del primer ministro de Hait\u00ed.<\/p>\n<p>\u00abDespu\u00e9s de serias reflexiones, frente a una grave crisis humanitaria en Hait\u00ed\u201d.<\/p>\n<p>\u201cAdemas donde los hospitales no tienen suficiente energ\u00eda para funcionar, el c\u00f3lera est\u00e1 de nuevo dentro de los barrios\u201d.<\/p>\n<p>\u201cAl igual que se decidi\u00f3 en el Consejo de Ministros de anoche, 7 de octubre\u201d.<\/p>\n<p>\u201cAs\u00ed como de solicitar ayuda militar a la comunidad internacional para hacer frente a tan incre\u00edble crisis humanitaria\u00bb, menciona el comunicado enviado a CNN.<\/p>\n<p>No estaba claro a qu\u00e9 pa\u00edses solicit\u00f3 el gobierno la asistencia militar.<\/p>\n<p>La solicitud se produjo despu\u00e9s de que el primer ministro de Hait\u00ed Ariel Henry pidiera ayuda internacional.<\/p>\n<p>Esto durante un discurso televisado a la naci\u00f3n el mi\u00e9rcoles por la noche.<\/p>\n<p>\u00abPido a la comunidad internacional que nos ayude, que nos apoye en todo lo necesario para evitar que la situaci\u00f3n empeore\u201d.<\/p>\n<p>\u201cNecesitamos poder distribuir agua y medicamentos, ya que el c\u00f3lera est\u00e1 reapareciendo\u00bb, dijo Henry.<\/p>\n<h4>Hait\u00ed colera crisis protestas<\/h4>\n<p>Una ambulancia en Puerto Pr\u00edncipe, Hait\u00ed, el 4 de octubre. Cr\u00e9dito: Ralph Tedy Erol\/Reuters<\/p>\n<p>\u00abNecesitamos reabrir los negocios y despejar las carreteras para que los m\u00e9dicos y las enfermeras puedan trabajar\u201d.<\/p>\n<p>\u201cPedimos su ayuda para poder distribuir el combustible y para que las escuelas vuelvan a abrir\u00bb, a\u00f1adi\u00f3.<\/p>\n<p>Se han diagnosticado decenas de casos m\u00e1s de c\u00f3lera en Hait\u00ed, lo que a\u00f1ade una nueva urgencia a las advertencias.<\/p>\n<p>Esto sobre el descenso del pa\u00eds caribe\u00f1o hacia el caos en medio de la crisis pol\u00edtica y econ\u00f3mica.<\/p>\n<p>La infecci\u00f3n mortal ya ha cobrado la vida de ocho personas, seg\u00fan el Ministerio de Sanidad de Hait\u00ed.<\/p>\n<p>Esto en la primera semana de octubre se han identificado 68 nuevos casos, seg\u00fan el grupo m\u00e9dico humanitario M\u00e9dicos Sin Fronteras (MSF).<\/p>\n<p>Esta nueva emergencia de salud p\u00fablica no podr\u00eda llegar en peor momento.<\/p>\n<p>Las protestas antigubernamentales, que ya van por la s\u00e9ptima semana, han paralizado el pa\u00eds, con las escuelas, los negocios.<\/p>\n<h4>As\u00ed mismo con el transporte p\u00fablico cerrados en su mayor\u00eda.<\/h4>\n<p>Desde el 22 de agosto, los haitianos se han manifestado contra la violencia cr\u00f3nica de las bandas, la pobreza.<\/p>\n<p>Ademas de la inseguridad alimentaria, la inflaci\u00f3n y la escasez de combustible.<\/p>\n<p>La furia de la poblaci\u00f3n se aviv\u00f3 a\u00fan m\u00e1s el mes pasado cuando el primer ministro Ariel Henry anunci\u00f3 que recortar\u00eda los subsidios.<\/p>\n<p>Esto a los combustibles para financiar al gobierno, una medida que duplicar\u00eda los precios en las gasolineras.<\/p>\n<p>Las poderosas bandas de Hait\u00ed han agravado la crisis del combustible bloqueando el principal puerto del pa\u00eds en la capital, Puerto Pr\u00edncipe.<\/p>\n<p>Miles de haitianos siguen protestando en varias ciudades del pa\u00eds, exigiendo la dimisi\u00f3n del gobierno.<\/p>\n","protected":false},"excerpt":{"rendered":"<p>\u00bfTiene la comunidad internacional abandonada a Hait\u00ed? Gobierno de Hait\u00ed: El Gobierno de Hait\u00ed solicit\u00f3 ayuda militar internacional para hacer frente a una serie de crisis sanitarias, energ\u00e9ticas y de seguridad concurrentes. Todo esto, seg\u00fan un comunicado de Jean-Junior Joseph, asesor del primer ministro de Hait\u00ed. \u00abDespu\u00e9s de serias reflexiones, frente a una grave crisis [&hellip;]<\/p>\n","protected":false},"author":1,"featured_media":9602,"comment_status":"open","ping_status":"closed","sticky":false,"template":"","format":"standard","meta":{"footnotes":""},"categories":[5,9],"tags":[],"class_list":["post-9600","post","type-post","status-publish","format-standard","has-post-thumbnail","hentry","category-internacional","category-politica"],"_links":{"self":[{"href":"https:\/\/podernacional.com\/index.php?rest_route=\/wp\/v2\/posts\/9600","targetHints":{"allow":["GET"]}}],"collection":[{"href":"https:\/\/podernacional.com\/index.php?rest_route=\/wp\/v2\/posts"}],"about":[{"href":"https:\/\/podernacional.com\/index.php?rest_route=\/wp\/v2\/types\/post"}],"author":[{"embeddable":true,"href":"https:\/\/podernacional.com\/index.php?rest_route=\/wp\/v2\/users\/1"}],"replies":[{"embeddable":true,"href":"https:\/\/podernacional.com\/index.php?rest_route=%2Fwp%2Fv2%2Fcomments&post=9600"}],"version-history":[{"count":1,"href":"https:\/\/podernacional.com\/index.php?rest_route=\/wp\/v2\/posts\/9600\/revisions"}],"predecessor-version":[{"id":9601,"href":"https:\/\/podernacional.com\/index.php?rest_route=\/wp\/v2\/posts\/9600\/revisions\/9601"}],"wp:featuredmedia":[{"embeddable":true,"href":"https:\/\/podernacional.com\/index.php?rest_route=\/wp\/v2\/media\/9602"}],"wp:attachment":[{"href":"https:\/\/podernacional.com\/index.php?rest_route=%2Fwp%2Fv2%2Fmedia&parent=9600"}],"wp:term":[{"taxonomy":"category","embeddable":true,"href":"https:\/\/podernacional.com\/index.php?rest_route=%2Fwp%2Fv2%2Fcategories&post=9600"},{"taxonomy":"post_tag","embeddable":true,"href":"https:\/\/podernacional.com\/index.php?rest_route=%2Fwp%2Fv2%2Ftags&post=9600"}],"curies":[{"name":"wp","href":"https:\/\/api.w.org\/{rel}","templated":true}]}}