{"id":9606,"date":"2022-10-07T19:14:14","date_gmt":"2022-10-08T00:14:14","guid":{"rendered":"https:\/\/podernacional.com\/?p=9606"},"modified":"2022-10-08T00:14:19","modified_gmt":"2022-10-08T00:14:19","slug":"aplicaran-en-zacatecas-plan-de-paz-encabezado-por-dea-fbi","status":"publish","type":"post","link":"https:\/\/podernacional.com\/?p=9606","title":{"rendered":"Aplicar\u00e1n en Zacatecas \u00abplan de paz\u00bb encabezado por DEA-FBI"},"content":{"rendered":"<h4>Con el objetivo de \u201crecuperar la paz de Zacatecas\u201d (Plan de paz).<\/h4>\n<p>Plan de paz: Ademas de combatir a las bandas del crimen organizado, el gobernador David Monreal \u00c1vila acord\u00f3 con Ken Salazar.<\/p>\n<p>El cual es embajador de Estados Unidos en M\u00e9xico, firmar un acuerdo de cooperaci\u00f3n en el que participar\u00e1n la Oficina Federal de Investigaci\u00f3n (FBI).<\/p>\n<p>As\u00ed como la Agencia Antidrogas (DEA), la Oficina Internacional de Asuntos Antinarc\u00f3ticos y Procuraci\u00f3n de Justicia (INL).<\/p>\n<p>Ademas que la Agencia para el Desarrollo Internacional (Usaid) de Estados Unidos.<\/p>\n<p>En conferencia de prensa conjunta realizada ayer, el mandatario morenista.<\/p>\n<p>Por ende el diplom\u00e1tico explicaron que dichas agencias intervendr\u00e1n con \u201cacciones concretas\u201d.<\/p>\n<p>Las cuales son consistentes en la dotaci\u00f3n de equipo de alta tecnolog\u00eda, as\u00ed como la capacitaci\u00f3n de polic\u00edas.<\/p>\n<p>As\u00ed como de funcionarios locales de las \u00e1reas de seguridad p\u00fablica, y personal de la fiscal\u00eda estatal.<\/p>\n<h4>El detalle de las operaciones y del monto de los recursos que implicar\u00e1 esta cooperaci\u00f3n \u201cbilateral\u201d, informaron.<\/h4>\n<p>Ademas que ser\u00e1n definidos directamente en Washington, \u201cen los pr\u00f3ximos d\u00edas\u201d.<\/p>\n<p>Un mes despu\u00e9s de su primera visita a Zacatecas, el 3 y 4 de septiembre pasados.<\/p>\n<p>As\u00ed como de Ken Salazar regres\u00f3 con todo un equipo de colaboradores estadunidenses, principalmente de los organismos mencionados.<\/p>\n<p>Acompa\u00f1ado por el gabinete de seguridad p\u00fablica, as\u00ed como por los directores del ramo de las tres principales ciudades de la entidad:<\/p>\n<p>Fresnillo, Guadalupe y Zacatecas.<\/p>\n<p>Por ende, Monreal \u00c1vila recibi\u00f3 a la comitiva extranjera en una reuni\u00f3n a puerta cerrada en la sala de juntas del edificio A.<\/p>\n<p>Esto del complejo Ciudad Gobierno.<\/p>\n<p>El mandatario estatal dio a conocer que al c\u00f3nclave asistieron representantes del Consejo Estatal Empresarial, la Iglesia cat\u00f3lica.<\/p>\n<p>As\u00ed como del sector minero:<\/p>\n<p>\u201cCon quienes hemos deliberado sobre este respaldo de Salazar\u201d.<\/p>\n<h4>\u201cPara lo que estamos llevando a cabo una buena coordinaci\u00f3n con la finalidad de recuperar la paz en nuestro estado\u201d.<\/h4>\n<p>\u201cCoincidimos en que se necesita fortalecer la cooperaci\u00f3n en materias de capacitaci\u00f3n policial e inteligencia\u201d.<\/p>\n<p>\u201cAs\u00ed como fortalecer los sistemas penitenciario y de administraci\u00f3n de justicia, adem\u00e1s de desarrollo tecnol\u00f3gico\u201d, explic\u00f3.<\/p>\n<p>David Monreal reiter\u00f3 que \u201cel objetivo del gobierno de Zacatecas es pacificar el estado.<\/p>\n<p>\u201cAdemas que hemos logrado avances, pero necesitamos construir este tipo de alianzas, por el bien de nuestros pueblos\u201d.<\/p>\n<p>Por su parte, Salazar expuso que vino a la entidad \u201cporque hab\u00eda hecho el compromiso, y cuando se hace un compromiso uno cumple.<\/p>\n<p>Al pueblo de Zacatecas, estoy aqu\u00ed para trabajar con los gobiernos de Zacatecas y el federal en esto de la seguridad\u201d.<\/p>\n<p>Asimismo, agradeci\u00f3 a Monreal su apertura y disposici\u00f3n a trabajar con la administraci\u00f3n estadunidense.<\/p>\n<p>\u201cNo todos los gobernadores hicieron lo que \u00e9ste: abri\u00f3 la puerta para decir: \u00bfc\u00f3mo lo trabajamos juntos?, y por eso te doy las gracias, David\u201d.<\/p>\n","protected":false},"excerpt":{"rendered":"<p>Con el objetivo de \u201crecuperar la paz de Zacatecas\u201d (Plan de paz). Plan de paz: Ademas de combatir a las bandas del crimen organizado, el gobernador David Monreal \u00c1vila acord\u00f3 con Ken Salazar. El cual es embajador de Estados Unidos en M\u00e9xico, firmar un acuerdo de cooperaci\u00f3n en el que participar\u00e1n la Oficina Federal de [&hellip;]<\/p>\n","protected":false},"author":1,"featured_media":9608,"comment_status":"open","ping_status":"closed","sticky":false,"template":"","format":"standard","meta":{"footnotes":""},"categories":[7,8,9],"tags":[],"class_list":["post-9606","post","type-post","status-publish","format-standard","has-post-thumbnail","hentry","category-nacional","category-policia","category-politica"],"_links":{"self":[{"href":"https:\/\/podernacional.com\/index.php?rest_route=\/wp\/v2\/posts\/9606","targetHints":{"allow":["GET"]}}],"collection":[{"href":"https:\/\/podernacional.com\/index.php?rest_route=\/wp\/v2\/posts"}],"about":[{"href":"https:\/\/podernacional.com\/index.php?rest_route=\/wp\/v2\/types\/post"}],"author":[{"embeddable":true,"href":"https:\/\/podernacional.com\/index.php?rest_route=\/wp\/v2\/users\/1"}],"replies":[{"embeddable":true,"href":"https:\/\/podernacional.com\/index.php?rest_route=%2Fwp%2Fv2%2Fcomments&post=9606"}],"version-history":[{"count":1,"href":"https:\/\/podernacional.com\/index.php?rest_route=\/wp\/v2\/posts\/9606\/revisions"}],"predecessor-version":[{"id":9607,"href":"https:\/\/podernacional.com\/index.php?rest_route=\/wp\/v2\/posts\/9606\/revisions\/9607"}],"wp:featuredmedia":[{"embeddable":true,"href":"https:\/\/podernacional.com\/index.php?rest_route=\/wp\/v2\/media\/9608"}],"wp:attachment":[{"href":"https:\/\/podernacional.com\/index.php?rest_route=%2Fwp%2Fv2%2Fmedia&parent=9606"}],"wp:term":[{"taxonomy":"category","embeddable":true,"href":"https:\/\/podernacional.com\/index.php?rest_route=%2Fwp%2Fv2%2Fcategories&post=9606"},{"taxonomy":"post_tag","embeddable":true,"href":"https:\/\/podernacional.com\/index.php?rest_route=%2Fwp%2Fv2%2Ftags&post=9606"}],"curies":[{"name":"wp","href":"https:\/\/api.w.org\/{rel}","templated":true}]}}