{"id":9630,"date":"2022-10-08T11:09:38","date_gmt":"2022-10-08T16:09:38","guid":{"rendered":"https:\/\/podernacional.com\/?p=9630"},"modified":"2022-10-08T16:09:40","modified_gmt":"2022-10-08T16:09:40","slug":"el-salon-internacional-de-alta-relojeria-celebra-su-16a-edicion-en-el-st-regis-de-la-ciudad-de-mexico","status":"publish","type":"post","link":"https:\/\/podernacional.com\/?p=9630","title":{"rendered":"El Sal\u00f3n Internacional de Alta Relojer\u00eda celebra su 16\u00aa edici\u00f3n en el St. Regis de la Ciudad de M\u00e9xico"},"content":{"rendered":"<h4>El Sal\u00f3n Internacional de Alta Relojer\u00eda (SIAR), considerado el evento m\u00e1s importante de la industria relojera en Latinoam\u00e9rica.<\/h4>\n<p>Alta Relojer\u00eda: La cual toma nuevamente la Ciudad de M\u00e9xico y llevar\u00e1 a cabo su edici\u00f3n 2022 del 18 al 20 de octubre.<\/p>\n<p>Esto al interior del exclusivo hotel St. Regis, donde converger\u00e1n directivos mundiales, regionales, directores creativos y maestros relojeros.<\/p>\n<p>El Sal\u00f3n Internacional de Alta Relojer\u00eda celebra su 16\u00aa edici\u00f3n en el St. Regis de la Ciudad de M\u00e9xico.<\/p>\n<p>El exclusivo encuentro, al que se accede solo por invitaci\u00f3n.<\/p>\n<p>Ademas que\u00a0ha confirmado este a\u00f1o la participaci\u00f3n de casas de lujo como Bulgari, Montblanc, Hublot, Panerai y Bianchet, entre otras.<\/p>\n<p>Seg\u00fan se ha dado a conocer, en el marco del evento Piaget desplegar\u00e1 su pieza maestra Polo Emperador Tourbillon Exceptional.<\/p>\n<p>As\u00ed mismo como\u00a0Montblanc presentar\u00e1 el Montblanc 1858 Geosphere 0 Oxygen LE 1786 en versi\u00f3n con caja de bronce.<\/p>\n<p>Al igual que\u00a0Chopard las colecciones de relojes Alpine Eagle, Happy Sport, Happy Diamonds, L.U.C y L&#8217;Heure du Diamant, por mencionar algunas exhibiciones.<\/p>\n<h4>\u00abEl SIAR celebra su 16\u00aa edici\u00f3n con la sensaci\u00f3n de ser un acontecimiento que ha cambiado definitivamente la forma de ver\u201d.<\/h4>\n<p>\u201cAs\u00ed mismo como de\u00a0entender, presentar y consumir relojer\u00eda en M\u00e9xico y Latinoam\u00e9rica\u201d.<\/p>\n<p>\u201cEn un a\u00f1o como \u00e9ste, el sal\u00f3n mexicano pondr\u00e1 a prueba el efecto dinamizador que ha jugado en los \u00faltimos tres lustros\u00bb.<\/p>\n<p>Todo esto lo comparte Carlos Alonso, director general del Sal\u00f3n Internacional Alta Relojer\u00eda.<\/p>\n<p>Datos oficiales confirman que en su edici\u00f3n 2021, el SIAR logr\u00f3 convocar a 2300 asistentes y 173 medios de prensa.<\/p>\n<p>Dentro del evento se cont\u00f3 con la participaci\u00f3n de 52 firmas, y 6 de ellas lanzaron ediciones especiales exclusivas para M\u00e9xico.<\/p>\n<p>Adem\u00e1s de celebrarse 10 lanzamientos internacionales.<\/p>\n<p>En tanto, en el global de sus 15 ediciones ha reunido m\u00e1s de 130 marcas de alta relojer\u00eda.<\/p>\n<p>As\u00ed mismo \u00a0con la asistencia de m\u00e1s de 50 000 aficionados y expertos.<\/p>\n","protected":false},"excerpt":{"rendered":"<p>El Sal\u00f3n Internacional de Alta Relojer\u00eda (SIAR), considerado el evento m\u00e1s importante de la industria relojera en Latinoam\u00e9rica. Alta Relojer\u00eda: La cual toma nuevamente la Ciudad de M\u00e9xico y llevar\u00e1 a cabo su edici\u00f3n 2022 del 18 al 20 de octubre. Esto al interior del exclusivo hotel St. Regis, donde converger\u00e1n directivos mundiales, regionales, directores [&hellip;]<\/p>\n","protected":false},"author":1,"featured_media":9632,"comment_status":"open","ping_status":"closed","sticky":false,"template":"","format":"standard","meta":{"footnotes":""},"categories":[2,5,7],"tags":[],"class_list":["post-9630","post","type-post","status-publish","format-standard","has-post-thumbnail","hentry","category-cultural","category-internacional","category-nacional"],"_links":{"self":[{"href":"https:\/\/podernacional.com\/index.php?rest_route=\/wp\/v2\/posts\/9630","targetHints":{"allow":["GET"]}}],"collection":[{"href":"https:\/\/podernacional.com\/index.php?rest_route=\/wp\/v2\/posts"}],"about":[{"href":"https:\/\/podernacional.com\/index.php?rest_route=\/wp\/v2\/types\/post"}],"author":[{"embeddable":true,"href":"https:\/\/podernacional.com\/index.php?rest_route=\/wp\/v2\/users\/1"}],"replies":[{"embeddable":true,"href":"https:\/\/podernacional.com\/index.php?rest_route=%2Fwp%2Fv2%2Fcomments&post=9630"}],"version-history":[{"count":1,"href":"https:\/\/podernacional.com\/index.php?rest_route=\/wp\/v2\/posts\/9630\/revisions"}],"predecessor-version":[{"id":9631,"href":"https:\/\/podernacional.com\/index.php?rest_route=\/wp\/v2\/posts\/9630\/revisions\/9631"}],"wp:featuredmedia":[{"embeddable":true,"href":"https:\/\/podernacional.com\/index.php?rest_route=\/wp\/v2\/media\/9632"}],"wp:attachment":[{"href":"https:\/\/podernacional.com\/index.php?rest_route=%2Fwp%2Fv2%2Fmedia&parent=9630"}],"wp:term":[{"taxonomy":"category","embeddable":true,"href":"https:\/\/podernacional.com\/index.php?rest_route=%2Fwp%2Fv2%2Fcategories&post=9630"},{"taxonomy":"post_tag","embeddable":true,"href":"https:\/\/podernacional.com\/index.php?rest_route=%2Fwp%2Fv2%2Ftags&post=9630"}],"curies":[{"name":"wp","href":"https:\/\/api.w.org\/{rel}","templated":true}]}}